{"id":100836,"date":"2024-08-13T13:33:28","date_gmt":"2024-08-13T13:33:28","guid":{"rendered":"https:\/\/lockandenjoy.com\/la-feria-de-malaga-2024\/"},"modified":"2025-11-18T23:18:12","modified_gmt":"2025-11-18T23:18:12","slug":"la-foire-de-malaga-2024","status":"publish","type":"post","link":"https:\/\/lockandenjoy.com\/fr\/la-foire-de-malaga-2024\/","title":{"rendered":"La foire de Malaga"},"content":{"rendered":"<p><strong>Pr\u00eat pour la foire de Malaga ?<\/strong>  Les dates de la f\u00eate la plus attendue par les habitants de Malaga approchent. Depuis <strong>LOCK &amp; enjoy<\/strong>! <a href=\"https:\/\/lockandenjoy.com\/fr\/enjoy-fr\/malaga-2\/\"><strong>nous vous encourageons \u00e0 visiter la ville<\/strong><\/a> pendant ces dates et \u00e0 profiter des nombreuses activit\u00e9s disponibles. <\/p>\n<p>La <strong>foire<\/strong> est une grande f\u00eate et elle est c\u00e9l\u00e9br\u00e9e dans la rue, c&rsquo;est pourquoi nous vous conseillons de laisser vos affaires ou vos sacs \u00e0 dos dans l&rsquo;une de nos <a href=\"https:\/\/lockandenjoy.com\/fr\/malaga-choisirlockers\/\"><strong>Consignes \u00e0 Malaga<\/strong><\/a>. Vous serez ainsi plus \u00e0 l&rsquo;aise et libre de vivre une f\u00eate unique. <\/p>\n<h2>Programme d&rsquo;activit\u00e9s<\/h2>\n<p>Cette ann\u00e9e, la <strong>foire de Malaga<\/strong> commence le samedi 17 ao\u00fbt et se termine le dimanche 24 ao\u00fbt ; une semaine remplie d&rsquo;activit\u00e9s pour tous les publics et tous les go\u00fbts.<\/p>\n<h3>Feux d&rsquo;artifice<\/h3>\n<p>Le feu d&rsquo;artifice est le symbole du d\u00e9but de la f\u00eate. C&rsquo;est l&rsquo;un des \u00e9v\u00e9nements les plus importants et les plus attendus, car <strong>600 kilos de poudre<\/strong> sont lanc\u00e9s, ce qui donne lieu \u00e0 des \u00e9clairs de couleurs, des paillettes et beaucoup de bruit. Il y a deux feux d&rsquo;artifice, l&rsquo;un dans le <strong>centre de Malaga<\/strong> et l&rsquo;autre dans le Real Cortijo de Torres.  <\/p>\n<p>Mais o\u00f9 aller pour assister \u00e0 ce spectacle ? Il existe de nombreux endroits comme, par exemple, la <a href=\"https:\/\/lockandenjoy.com\/fr\/les-meilleures-plages-de-malaga\/\"><strong>plage de la Malagueta<\/strong><\/a>le mirador de Gibralfaro ou l&rsquo;une des terrasses sur les toits de la capitale. <\/p>\n<p>Sur <a href=\"https:\/\/lockandenjoy.com\/fr\/\"><strong>Verrouillez et profitez !<\/strong><\/a> nous vous conseillons d&rsquo;arriver \u00e0 temps (l&rsquo;heure de d\u00e9but est \u00e0 00:00), car il y a g\u00e9n\u00e9ralement beaucoup de monde aux m\u00eames endroits.<\/p>\n<h3>P\u00e8lerinage au Santuario de la Victoria<\/h3>\n<p>Il s&rsquo;agit de l&rsquo;\u00e9v\u00e9nement religieux et culturel qui marque \u00e9galement le d\u00e9but de ce festival de Malaga et qui rend hommage \u00e0 la sainte patronne de Malaga : la Virgen de la Victoria. Il a lieu le samedi 17 \u00e0 10h00. <\/p>\n<p>Le point de d\u00e9part se trouve \u00e0 l&rsquo;\u00e9glise <a href=\"https:\/\/visita.malaga.eu\/es\/que-ver-y-hacer\/visitas\/monumentos-historicos\/monumentos\/capilla-de-san-lazaro-p103483\"><strong>\u00e9glise de San L\u00e1zaro<\/strong><\/a>d&rsquo;o\u00f9 part la procession \u00e0 travers les rues du centre. C&rsquo;est un v\u00e9ritable spectacle o\u00f9 se m\u00ealent musique, chants et danses. Ceux qui d\u00e9cident d&rsquo;y participer n&rsquo;ont qu&rsquo;un seul objectif : apporter des fleurs et de petites offrandes au saint patron.  <\/p>\n<p>D&rsquo;autre part, nous tenons \u00e0 souligner qu&rsquo;il s&rsquo;agit d&rsquo;une d\u00e9monstration authentique de la <strong>culture andalouse<\/strong>, puisque les gens sont v\u00eatus de costumes traditionnels et qu&rsquo;il y a \u00e9galement des charrettes d\u00e9cor\u00e9es et des cavaliers \u00e0 cheval.<\/p>\n<p>Le p\u00e8lerinage se termine au <a href=\"https:\/\/visita.malaga.eu\/es\/que-ver-y-hacer\/visitas\/monumentos-historicos\/monumentos\/santuario-de-la-victoria-torre-camarin-p103582\"><strong>Sanctuaire de La Victoria<\/strong><\/a> avec une messe solennelle, o\u00f9 se trouve l&rsquo;image de la Vierge.<\/p>\n<h3>Proclamation et \u00e9clairage<\/h3>\n<p>Le jour m\u00eame du p\u00e8lerinage, le samedi 17, le discours d&rsquo;ouverture est prononc\u00e9. Bien que le programme officiel n&rsquo;ait pas encore \u00e9t\u00e9 publi\u00e9, le lieu o\u00f9 se d\u00e9roule cet \u00e9v\u00e9nement est depuis des ann\u00e9es le champ de foire. <\/p>\n<p>Le natif de Malaga choisi cette ann\u00e9e pour sa c\u00e9l\u00e8bre carri\u00e8re musicale est <strong>El Kanka<\/strong>. Il sera charg\u00e9 d&rsquo;envoyer un message chaleureux et \u00e9mouvant aux habitants et aux visiteurs qui ont d\u00e9cid\u00e9 de se rendre \u00e0 l&rsquo;un des festivals les plus importants d&rsquo;Espagne. <\/p>\n<p>Une fois la proclamation termin\u00e9e, les lumi\u00e8res de la Real de la Feria de M\u00e1laga sont allum\u00e9es, de mani\u00e8re tr\u00e8s similaire \u00e0 celle de la Feria de S\u00e9ville. <a href=\"https:\/\/lockandenjoy.com\/fr\/lock-enjoy-est-la-solution-pour-vos-bagages-pendant-la-feria-de-abril-a-seville\/\"><strong>foire de S\u00e9ville<\/strong><\/a>. Il s&rsquo;agit d&rsquo;un autre moment d&rsquo;\u00e9motion, car des milliers de lumi\u00e8res sont allum\u00e9es en m\u00eame temps, cr\u00e9ant une atmosph\u00e8re magique et festive. <\/p>\n<h3>La foire de Malaga de jour<\/h3>\n<p>Pour nous, le meilleur de la foire est son <strong>ambiance de rue et de jour<\/strong>, c&rsquo;est-\u00e0-dire de se laisser envelopper par la joie et la magie dans les rues du centre, plus pr\u00e9cis\u00e9ment dans la Calle Larios.<\/p>\n<p>Prenez une bi\u00e8re sur une terrasse ou promenez-vous pour admirer la <strong>d\u00e9coration des rues<\/strong>, ainsi que les robes de flamenco port\u00e9es par les Malague\u00f1as. Les pois et les chapeaux sont pr\u00e9sents \u00e0 chaque coin de rue et constituent un symbole particulier de la culture andalouse. <\/p>\n<p>Vous rencontrerez certainement les <strong>\u00ab\u00a0pandas de verdiales\u00a0\u00bb<\/strong>. Il s&rsquo;agit de repr\u00e9sentations de groupes folkloriques tr\u00e8s typiques de la province de Malaga, o\u00f9 la musique, les chants et les danses se m\u00ealent \u00e0 des costumes vifs et color\u00e9s. Ils constituent une partie tr\u00e8s importante de la foire, car ils se consacrent \u00e0 l&rsquo;animation de l&rsquo;atmosph\u00e8re.  <\/p>\n<p><strong>Laissez-vous porter dans les rues et profitez de l&rsquo;atmosph\u00e8re de la foire !<\/strong><\/p>\n<h3>Concerts<\/h3>\n<p>La grande majorit\u00e9 des artistes sont d\u00e9j\u00e0 confirm\u00e9s. Au total, <strong>200 repr\u00e9sentations musicales<\/strong> et artistiques auront lieu dans diff\u00e9rents quartiers de la ville. Jetons un coup d&rsquo;\u0153il aux plus c\u00e9l\u00e8bres d&rsquo;entre elles :  <\/p>\n<ul>\n<li><strong>Auditorium municipal<\/strong>. Le chanteur choisi pour le samedi 17 ao\u00fbt est Carlos Baute. D&rsquo;autre part, le mardi 20, Malaguita Fest aura lieu avec Tabletom, Los Caracoles et Efecto Mariposa. Le cantaor Jos\u00e9 Merc\u00e9 se produira le 21 et Mar\u00eda del Monte le 23.   <\/li>\n<li><strong>Caseta Municipal del Flamenco y la Copla<\/strong>. Tout au long de la journ\u00e9e, des spectacles de flamenco et de copla sont organis\u00e9s, par exemple avec Pedro Carmona ou Celia L\u00f3pez. <\/li>\n<li><strong>Pe\u00f1a Juan Breva<\/strong>. Des spectacles de flamenco sont \u00e9galement organis\u00e9s tous les jours avec Chelo Soto et Pepe de Campillos. <\/li>\n<\/ul>\n<p>Les billets sont gratuits, sauf pour le concert de Mar\u00eda Pel\u00e1e et Marta Santos.<\/p>\n<h3>Champ de foire<\/h3>\n<p>Le champ de foire est l&rsquo;\u00e9picentre de la f\u00eate, surtout l&rsquo;<strong>apr\u00e8s-midi et le soir<\/strong>. C&rsquo;est l&rsquo;un des endroits les plus anim\u00e9s de toute la semaine, car l&rsquo;ambiance est \u00e0 la danse et aux chants dans tous les stands d\u00e9cor\u00e9s. <\/p>\n<p>Nous vous recommandons de visiter le site \u00e0 temps et de choisir un <strong>stand <\/strong>pour vous impr\u00e9gner de l&rsquo;ambiance qui y r\u00e8gne, m\u00eame si chacun a son propre style en termes de musique et de danse.<\/p>\n<h3>Attractions<\/h3>\n<p>Dans les foires, vous ne pouvez jamais manquer les attractions populaires telles que la sauterelle, le bateau viking ou les autos tamponneuses. Il y a des man\u00e8ges <strong>pour les adultes et les enfants<\/strong>. <\/p>\n<p>Les attractions sont situ\u00e9es dans le Cortijo de Torres.<\/p>\n<p>Pour toutes ces activit\u00e9s, nous vous conseillons d&rsquo;utiliser les <strong>transports en commun<\/strong>, car il sera tr\u00e8s difficile de se garer. De plus, une navette gratuite est g\u00e9n\u00e9ralement disponible \u00e0 ces dates. <\/p>\n<p><strong>Profitez de la Foire de Malaga !<\/strong> <a href=\"https:\/\/lockandenjoy.com\/fr\/malaga-choisirlockers\/\"><strong>R\u00e9servez l&rsquo;une de nos Consignes \u00e0 Malaga<\/strong><\/a> et b\u00e9n\u00e9ficiez d&rsquo;une r\u00e9duction si vous le faites \u00e0 l&rsquo;avance. Nous vous attendons. <\/p>\n","protected":false},"excerpt":{"rendered":"<p>Pr\u00eat pour la foire de Malaga ? Les dates de la f\u00eate la plus attendue par les habitants de Malaga approchent. Depuis LOCK &amp; enjoy! nous vous encourageons \u00e0 visiter la ville pendant ces dates et \u00e0 profiter des nombreuses activit\u00e9s disponibles. La foire est une grande f\u00eate et elle est c\u00e9l\u00e9br\u00e9e dans la rue, [&hellip;]<\/p>\n","protected":false},"author":13,"featured_media":92050,"comment_status":"closed","ping_status":"closed","sticky":false,"template":"","format":"standard","meta":{"inline_featured_image":false,"footnotes":""},"categories":[2742,2720],"tags":[1239,1029,299,2689,421],"class_list":["post-100836","post","type-post","status-publish","format-standard","has-post-thumbnail","hentry","category-actualites","category-malaga-fr","tag-centro-de-malaga","tag-consignas-malaga","tag-feria","tag-lock-enjoy-fr-2","tag-taquillas"],"yoast_head":"<!-- This site is optimized with the Yoast SEO plugin v26.7 - https:\/\/yoast.com\/wordpress\/plugins\/seo\/ -->\n<title>La foire de Malaga - LOCK &amp; enjoy!<\/title>\n<meta name=\"description\" content=\"Les dates de la Foire de Malaga approchent. Voici le programme des activit\u00e9s qui vous permettront de profiter du centre-ville.\" \/>\n<meta name=\"robots\" content=\"index, follow, max-snippet:-1, max-image-preview:large, max-video-preview:-1\" \/>\n<link rel=\"canonical\" href=\"https:\/\/lockandenjoy.com\/fr\/la-foire-de-malaga-2024\/\" \/>\n<meta property=\"og:locale\" content=\"fr_FR\" \/>\n<meta property=\"og:type\" content=\"article\" \/>\n<meta property=\"og:title\" content=\"La foire de Malaga - LOCK &amp; enjoy!\" \/>\n<meta property=\"og:description\" content=\"Les dates de la Foire de Malaga approchent. Voici le programme des activit\u00e9s qui vous permettront de profiter du centre-ville.\" \/>\n<meta property=\"og:url\" content=\"https:\/\/lockandenjoy.com\/fr\/la-foire-de-malaga-2024\/\" \/>\n<meta property=\"og:site_name\" content=\"LOCK &amp; enjoy!\" \/>\n<meta property=\"article:published_time\" content=\"2024-08-13T13:33:28+00:00\" \/>\n<meta property=\"article:modified_time\" content=\"2025-11-18T23:18:12+00:00\" \/>\n<meta property=\"og:image\" content=\"https:\/\/lockandenjoy.com\/wp-content\/uploads\/2024\/07\/16604146993453-scaled.jpg\" \/>\n\t<meta property=\"og:image:width\" content=\"2560\" \/>\n\t<meta property=\"og:image:height\" content=\"1707\" \/>\n\t<meta property=\"og:image:type\" content=\"image\/jpeg\" \/>\n<meta name=\"author\" content=\"Manuel Rodrigues\" \/>\n<meta name=\"twitter:card\" content=\"summary_large_image\" \/>\n<meta name=\"twitter:label1\" content=\"\u00c9crit par\" \/>\n\t<meta name=\"twitter:data1\" content=\"Manuel Rodrigues\" \/>\n\t<meta name=\"twitter:label2\" content=\"Dur\u00e9e de lecture estim\u00e9e\" \/>\n\t<meta name=\"twitter:data2\" content=\"5 minute\" \/>\n<script type=\"application\/ld+json\" class=\"yoast-schema-graph\">{\"@context\":\"https:\/\/schema.org\",\"@graph\":[{\"@type\":\"Article\",\"@id\":\"https:\/\/lockandenjoy.com\/fr\/la-foire-de-malaga-2024\/#article\",\"isPartOf\":{\"@id\":\"https:\/\/lockandenjoy.com\/fr\/la-foire-de-malaga-2024\/\"},\"author\":{\"name\":\"Manuel Rodrigues\",\"@id\":\"https:\/\/lockandenjoy.com\/fr\/#\/schema\/person\/6a446cc9a3000805ef45453d3727383f\"},\"headline\":\"La foire de Malaga\",\"datePublished\":\"2024-08-13T13:33:28+00:00\",\"dateModified\":\"2025-11-18T23:18:12+00:00\",\"mainEntityOfPage\":{\"@id\":\"https:\/\/lockandenjoy.com\/fr\/la-foire-de-malaga-2024\/\"},\"wordCount\":1140,\"image\":{\"@id\":\"https:\/\/lockandenjoy.com\/fr\/la-foire-de-malaga-2024\/#primaryimage\"},\"thumbnailUrl\":\"https:\/\/lockandenjoy.com\/wp-content\/uploads\/2024\/07\/16604146993453-scaled.jpg\",\"keywords\":[\"centro de M\u00e1laga\",\"consignas m\u00e1laga\",\"Feria\",\"Lock &amp; Enjoy\",\"Taquillas\"],\"articleSection\":[\"Actualit\u00e9s\",\"Malaga\"],\"inLanguage\":\"fr-FR\"},{\"@type\":\"WebPage\",\"@id\":\"https:\/\/lockandenjoy.com\/fr\/la-foire-de-malaga-2024\/\",\"url\":\"https:\/\/lockandenjoy.com\/fr\/la-foire-de-malaga-2024\/\",\"name\":\"La foire de Malaga - LOCK &amp; enjoy!\",\"isPartOf\":{\"@id\":\"https:\/\/lockandenjoy.com\/fr\/#website\"},\"primaryImageOfPage\":{\"@id\":\"https:\/\/lockandenjoy.com\/fr\/la-foire-de-malaga-2024\/#primaryimage\"},\"image\":{\"@id\":\"https:\/\/lockandenjoy.com\/fr\/la-foire-de-malaga-2024\/#primaryimage\"},\"thumbnailUrl\":\"https:\/\/lockandenjoy.com\/wp-content\/uploads\/2024\/07\/16604146993453-scaled.jpg\",\"datePublished\":\"2024-08-13T13:33:28+00:00\",\"dateModified\":\"2025-11-18T23:18:12+00:00\",\"author\":{\"@id\":\"https:\/\/lockandenjoy.com\/fr\/#\/schema\/person\/6a446cc9a3000805ef45453d3727383f\"},\"description\":\"Les dates de la Foire de Malaga approchent. Voici le programme des activit\u00e9s qui vous permettront de profiter du centre-ville.\",\"breadcrumb\":{\"@id\":\"https:\/\/lockandenjoy.com\/fr\/la-foire-de-malaga-2024\/#breadcrumb\"},\"inLanguage\":\"fr-FR\",\"potentialAction\":[{\"@type\":\"ReadAction\",\"target\":[\"https:\/\/lockandenjoy.com\/fr\/la-foire-de-malaga-2024\/\"]}]},{\"@type\":\"ImageObject\",\"inLanguage\":\"fr-FR\",\"@id\":\"https:\/\/lockandenjoy.com\/fr\/la-foire-de-malaga-2024\/#primaryimage\",\"url\":\"https:\/\/lockandenjoy.com\/wp-content\/uploads\/2024\/07\/16604146993453-scaled.jpg\",\"contentUrl\":\"https:\/\/lockandenjoy.com\/wp-content\/uploads\/2024\/07\/16604146993453-scaled.jpg\",\"width\":2560,\"height\":1707,\"caption\":\"L'embl\u00e9matique Calle Larios se remplit de vie et de couleurs pendant la foire de Malaga, r\u00e9unissant les habitants et les touristes dans une f\u00eate vibrante pleine de musique, de danse et de tradition.\"},{\"@type\":\"BreadcrumbList\",\"@id\":\"https:\/\/lockandenjoy.com\/fr\/la-foire-de-malaga-2024\/#breadcrumb\",\"itemListElement\":[{\"@type\":\"ListItem\",\"position\":1,\"name\":\"LOCK &amp; enjoy!\",\"item\":\"https:\/\/lockandenjoy.com\/fr\/\"},{\"@type\":\"ListItem\",\"position\":2,\"name\":\"Ciudad\",\"item\":\"https:\/\/lockandenjoy.com\/fr\/category\/ciudad\/\"},{\"@type\":\"ListItem\",\"position\":3,\"name\":\"Malaga\",\"item\":\"https:\/\/lockandenjoy.com\/fr\/category\/malaga-fr\/\"},{\"@type\":\"ListItem\",\"position\":4,\"name\":\"La foire de Malaga\"}]},{\"@type\":\"WebSite\",\"@id\":\"https:\/\/lockandenjoy.com\/fr\/#website\",\"url\":\"https:\/\/lockandenjoy.com\/fr\/\",\"name\":\"LOCK &amp; enjoy!\",\"description\":\"\",\"potentialAction\":[{\"@type\":\"SearchAction\",\"target\":{\"@type\":\"EntryPoint\",\"urlTemplate\":\"https:\/\/lockandenjoy.com\/fr\/?s={search_term_string}\"},\"query-input\":{\"@type\":\"PropertyValueSpecification\",\"valueRequired\":true,\"valueName\":\"search_term_string\"}}],\"inLanguage\":\"fr-FR\"},{\"@type\":\"Person\",\"@id\":\"https:\/\/lockandenjoy.com\/fr\/#\/schema\/person\/6a446cc9a3000805ef45453d3727383f\",\"name\":\"Manuel Rodrigues\",\"image\":{\"@type\":\"ImageObject\",\"inLanguage\":\"fr-FR\",\"@id\":\"https:\/\/lockandenjoy.com\/fr\/#\/schema\/person\/image\/\",\"url\":\"https:\/\/lockandenjoy.com\/wp-content\/uploads\/2024\/04\/Manuel-100x100.jpg\",\"contentUrl\":\"https:\/\/lockandenjoy.com\/wp-content\/uploads\/2024\/04\/Manuel-100x100.jpg\",\"caption\":\"Manuel Rodrigues\"},\"description\":\"General Manager &amp; Co-Fundador de LOCK &amp; enjoy!, posee m\u00e1s de 15 a\u00f1os de experiencia en liderazgo de equipos y proyectos comerciales en distintas multinacionales. Con un esp\u00edritu viajero y habilidades contrastadas en gesti\u00f3n humana, es el candidato ideal para impulsar el desarrollo de negocios. Su visi\u00f3n creativa aporta un enfoque innovador a la identidad de marca de cualquier proyecto.\",\"sameAs\":[\"https:\/\/lockandenjoy.com\/\",\"https:\/\/www.linkedin.com\/in\/manuelrodriguesg\/\"],\"url\":\"https:\/\/lockandenjoy.com\/fr\/author\/manuel_lockandenjoy\/\"}]}<\/script>\n<!-- \/ Yoast SEO plugin. -->","yoast_head_json":{"title":"La foire de Malaga - LOCK &amp; enjoy!","description":"Les dates de la Foire de Malaga approchent. Voici le programme des activit\u00e9s qui vous permettront de profiter du centre-ville.","robots":{"index":"index","follow":"follow","max-snippet":"max-snippet:-1","max-image-preview":"max-image-preview:large","max-video-preview":"max-video-preview:-1"},"canonical":"https:\/\/lockandenjoy.com\/fr\/la-foire-de-malaga-2024\/","og_locale":"fr_FR","og_type":"article","og_title":"La foire de Malaga - LOCK &amp; enjoy!","og_description":"Les dates de la Foire de Malaga approchent. Voici le programme des activit\u00e9s qui vous permettront de profiter du centre-ville.","og_url":"https:\/\/lockandenjoy.com\/fr\/la-foire-de-malaga-2024\/","og_site_name":"LOCK &amp; enjoy!","article_published_time":"2024-08-13T13:33:28+00:00","article_modified_time":"2025-11-18T23:18:12+00:00","og_image":[{"width":2560,"height":1707,"url":"https:\/\/lockandenjoy.com\/wp-content\/uploads\/2024\/07\/16604146993453-scaled.jpg","type":"image\/jpeg"}],"author":"Manuel Rodrigues","twitter_card":"summary_large_image","twitter_misc":{"\u00c9crit par":"Manuel Rodrigues","Dur\u00e9e de lecture estim\u00e9e":"5 minute"},"schema":{"@context":"https:\/\/schema.org","@graph":[{"@type":"Article","@id":"https:\/\/lockandenjoy.com\/fr\/la-foire-de-malaga-2024\/#article","isPartOf":{"@id":"https:\/\/lockandenjoy.com\/fr\/la-foire-de-malaga-2024\/"},"author":{"name":"Manuel Rodrigues","@id":"https:\/\/lockandenjoy.com\/fr\/#\/schema\/person\/6a446cc9a3000805ef45453d3727383f"},"headline":"La foire de Malaga","datePublished":"2024-08-13T13:33:28+00:00","dateModified":"2025-11-18T23:18:12+00:00","mainEntityOfPage":{"@id":"https:\/\/lockandenjoy.com\/fr\/la-foire-de-malaga-2024\/"},"wordCount":1140,"image":{"@id":"https:\/\/lockandenjoy.com\/fr\/la-foire-de-malaga-2024\/#primaryimage"},"thumbnailUrl":"https:\/\/lockandenjoy.com\/wp-content\/uploads\/2024\/07\/16604146993453-scaled.jpg","keywords":["centro de M\u00e1laga","consignas m\u00e1laga","Feria","Lock &amp; Enjoy","Taquillas"],"articleSection":["Actualit\u00e9s","Malaga"],"inLanguage":"fr-FR"},{"@type":"WebPage","@id":"https:\/\/lockandenjoy.com\/fr\/la-foire-de-malaga-2024\/","url":"https:\/\/lockandenjoy.com\/fr\/la-foire-de-malaga-2024\/","name":"La foire de Malaga - LOCK &amp; enjoy!","isPartOf":{"@id":"https:\/\/lockandenjoy.com\/fr\/#website"},"primaryImageOfPage":{"@id":"https:\/\/lockandenjoy.com\/fr\/la-foire-de-malaga-2024\/#primaryimage"},"image":{"@id":"https:\/\/lockandenjoy.com\/fr\/la-foire-de-malaga-2024\/#primaryimage"},"thumbnailUrl":"https:\/\/lockandenjoy.com\/wp-content\/uploads\/2024\/07\/16604146993453-scaled.jpg","datePublished":"2024-08-13T13:33:28+00:00","dateModified":"2025-11-18T23:18:12+00:00","author":{"@id":"https:\/\/lockandenjoy.com\/fr\/#\/schema\/person\/6a446cc9a3000805ef45453d3727383f"},"description":"Les dates de la Foire de Malaga approchent. Voici le programme des activit\u00e9s qui vous permettront de profiter du centre-ville.","breadcrumb":{"@id":"https:\/\/lockandenjoy.com\/fr\/la-foire-de-malaga-2024\/#breadcrumb"},"inLanguage":"fr-FR","potentialAction":[{"@type":"ReadAction","target":["https:\/\/lockandenjoy.com\/fr\/la-foire-de-malaga-2024\/"]}]},{"@type":"ImageObject","inLanguage":"fr-FR","@id":"https:\/\/lockandenjoy.com\/fr\/la-foire-de-malaga-2024\/#primaryimage","url":"https:\/\/lockandenjoy.com\/wp-content\/uploads\/2024\/07\/16604146993453-scaled.jpg","contentUrl":"https:\/\/lockandenjoy.com\/wp-content\/uploads\/2024\/07\/16604146993453-scaled.jpg","width":2560,"height":1707,"caption":"L'embl\u00e9matique Calle Larios se remplit de vie et de couleurs pendant la foire de Malaga, r\u00e9unissant les habitants et les touristes dans une f\u00eate vibrante pleine de musique, de danse et de tradition."},{"@type":"BreadcrumbList","@id":"https:\/\/lockandenjoy.com\/fr\/la-foire-de-malaga-2024\/#breadcrumb","itemListElement":[{"@type":"ListItem","position":1,"name":"LOCK &amp; enjoy!","item":"https:\/\/lockandenjoy.com\/fr\/"},{"@type":"ListItem","position":2,"name":"Ciudad","item":"https:\/\/lockandenjoy.com\/fr\/category\/ciudad\/"},{"@type":"ListItem","position":3,"name":"Malaga","item":"https:\/\/lockandenjoy.com\/fr\/category\/malaga-fr\/"},{"@type":"ListItem","position":4,"name":"La foire de Malaga"}]},{"@type":"WebSite","@id":"https:\/\/lockandenjoy.com\/fr\/#website","url":"https:\/\/lockandenjoy.com\/fr\/","name":"LOCK &amp; enjoy!","description":"","potentialAction":[{"@type":"SearchAction","target":{"@type":"EntryPoint","urlTemplate":"https:\/\/lockandenjoy.com\/fr\/?s={search_term_string}"},"query-input":{"@type":"PropertyValueSpecification","valueRequired":true,"valueName":"search_term_string"}}],"inLanguage":"fr-FR"},{"@type":"Person","@id":"https:\/\/lockandenjoy.com\/fr\/#\/schema\/person\/6a446cc9a3000805ef45453d3727383f","name":"Manuel Rodrigues","image":{"@type":"ImageObject","inLanguage":"fr-FR","@id":"https:\/\/lockandenjoy.com\/fr\/#\/schema\/person\/image\/","url":"https:\/\/lockandenjoy.com\/wp-content\/uploads\/2024\/04\/Manuel-100x100.jpg","contentUrl":"https:\/\/lockandenjoy.com\/wp-content\/uploads\/2024\/04\/Manuel-100x100.jpg","caption":"Manuel Rodrigues"},"description":"General Manager &amp; Co-Fundador de LOCK &amp; enjoy!, posee m\u00e1s de 15 a\u00f1os de experiencia en liderazgo de equipos y proyectos comerciales en distintas multinacionales. Con un esp\u00edritu viajero y habilidades contrastadas en gesti\u00f3n humana, es el candidato ideal para impulsar el desarrollo de negocios. Su visi\u00f3n creativa aporta un enfoque innovador a la identidad de marca de cualquier proyecto.","sameAs":["https:\/\/lockandenjoy.com\/","https:\/\/www.linkedin.com\/in\/manuelrodriguesg\/"],"url":"https:\/\/lockandenjoy.com\/fr\/author\/manuel_lockandenjoy\/"}]}},"_links":{"self":[{"href":"https:\/\/lockandenjoy.com\/fr\/wp-json\/wp\/v2\/posts\/100836","targetHints":{"allow":["GET"]}}],"collection":[{"href":"https:\/\/lockandenjoy.com\/fr\/wp-json\/wp\/v2\/posts"}],"about":[{"href":"https:\/\/lockandenjoy.com\/fr\/wp-json\/wp\/v2\/types\/post"}],"author":[{"embeddable":true,"href":"https:\/\/lockandenjoy.com\/fr\/wp-json\/wp\/v2\/users\/13"}],"replies":[{"embeddable":true,"href":"https:\/\/lockandenjoy.com\/fr\/wp-json\/wp\/v2\/comments?post=100836"}],"version-history":[{"count":0,"href":"https:\/\/lockandenjoy.com\/fr\/wp-json\/wp\/v2\/posts\/100836\/revisions"}],"wp:featuredmedia":[{"embeddable":true,"href":"https:\/\/lockandenjoy.com\/fr\/wp-json\/wp\/v2\/media\/92050"}],"wp:attachment":[{"href":"https:\/\/lockandenjoy.com\/fr\/wp-json\/wp\/v2\/media?parent=100836"}],"wp:term":[{"taxonomy":"category","embeddable":true,"href":"https:\/\/lockandenjoy.com\/fr\/wp-json\/wp\/v2\/categories?post=100836"},{"taxonomy":"post_tag","embeddable":true,"href":"https:\/\/lockandenjoy.com\/fr\/wp-json\/wp\/v2\/tags?post=100836"}],"curies":[{"name":"wp","href":"https:\/\/api.w.org\/{rel}","templated":true}]}}