{"id":100814,"date":"2024-07-18T07:00:19","date_gmt":"2024-07-18T07:00:19","guid":{"rendered":"https:\/\/lockandenjoy.com\/la-vela-de-santa-ana-2024\/"},"modified":"2025-11-18T23:20:45","modified_gmt":"2025-11-18T23:20:45","slug":"la-vela-de-santa-ana-2024-2","status":"publish","type":"post","link":"https:\/\/lockandenjoy.com\/fr\/la-vela-de-santa-ana-2024-2\/","title":{"rendered":"La Vel\u00e1 de Santa Ana 2024"},"content":{"rendered":"<p>Si vous pr\u00e9voyez de venir \u00e0 S\u00e9ville pendant vos vacances, <strong>LOCK &amp; enjoy !<\/strong> vous encourage \u00e0 visiter la ville pendant les derni\u00e8res semaines de juillet. La raison en est la c\u00e9l\u00e9bration de la <strong>Vel\u00e1 de Santa Ana 2024<\/strong>, l&rsquo;une des f\u00eates les plus importantes de la capitale s\u00e9villane. <\/p>\n<p><strong>Profitez de S\u00e9ville en tout confort avec l&rsquo;un de nos casiers intelligents<\/strong>. Nous avons un total de <a href=\"https:\/\/lockandenjoy.com\/fr\/sevilla-choisirlockers\/\"><strong>5 emplacements<\/strong><\/a> dans la ville, situ\u00e9s \u00e0 des endroits strat\u00e9giques et accessibles \u00e0 tous. <\/p>\n<h2>Origine<\/h2>\n<p>C&rsquo;est la plus ancienne f\u00eate de S\u00e9ville, plus encore que la c\u00e9l\u00e8bre <a href=\"https:\/\/lockandenjoy.com\/fr\/lock-enjoy-est-la-solution-pour-vos-bagages-pendant-la-feria-de-abril-a-seville\/\"><strong>Foire d&rsquo;avril<\/strong><\/a>Elle remonte au XIIIe si\u00e8cle, bien qu&rsquo;elle ait commenc\u00e9 \u00e0 \u00eatre c\u00e9l\u00e9br\u00e9e au d\u00e9but du XXe si\u00e8cle.<\/p>\n<p>Comme son nom l&rsquo;indique, la Vel\u00e1 de Santa Ana est organis\u00e9e en l&rsquo;honneur de la sainte du m\u00eame nom. Les historiens situent son origine <strong>sous le r\u00e8gne d&rsquo;Alphonse X<\/strong>, plus pr\u00e9cis\u00e9ment en 1266. \u00c0 l&rsquo;\u00e9poque, le monarque souffrait d&rsquo;une maladie des yeux qui s&rsquo;est consid\u00e9rablement am\u00e9lior\u00e9e avec le temps, mais il a fait une promesse religieuse si son \u00e9tat physique s&rsquo;am\u00e9liorait. Le roi ordonna donc la construction d&rsquo;une \u00e9glise en l&rsquo;honneur de Sainte Anne. Ce fait historique est devenu une coutume pour les habitants de Triana et de la ville en g\u00e9n\u00e9ral, qui se rendaient au temple pour \u00eatre avec la vierge la nuit pr\u00e9c\u00e9dant le 26 juillet, jour du calendrier qui marque la f\u00eate de Sainte Anne.    <\/p>\n<p>Bien que le festival conserve un caract\u00e8re religieux, il est compl\u00e9t\u00e9 par des \u00e9v\u00e9nements populaires que <strong>LOCK &amp; enjoy !<\/strong> vous explique dans cet <em>article.<\/em><\/p>\n<h2>\u00c9v\u00e9nements et activit\u00e9s<\/h2>\n<p>Le programme officiel de la Vel\u00e1 de Santa Ana pour 2024 n&rsquo;a pas encore \u00e9t\u00e9 publi\u00e9, c&rsquo;est pourquoi nous vous recommandons de visiter quelques semaines \u00e0 l&rsquo;avance le <a href=\"https:\/\/www.turismosevilla.org\/es\/que-ver-y-hacer\/cultura\/fiestas-de-interes-turistico\/la-vela-de-santa-ana\"><strong>site officiel<\/strong><\/a> quelques semaines \u00e0 l&rsquo;avance pour en savoir plus sur les \u00e9ventuels changements, notamment en termes d&rsquo;horaires et d&rsquo;artistes. Toutefois, le programme ne change g\u00e9n\u00e9ralement pas fondamentalement. <\/p>\n<p>La date de la c\u00e9l\u00e9bration de cette ann\u00e9e n&rsquo;est pas encore connue, mais il est fort probable qu&rsquo;elle ait lieu au cours des deux derni\u00e8res semaines de juillet. N&rsquo;oubliez pas non plus que toutes les activit\u00e9s se d\u00e9rouleront dans la Calle Betis, dans le c\u00e9l\u00e8bre quartier de Triana. <\/p>\n<h3>Tournois et jeux sportifs<\/h3>\n<p>Des tournois de sports nautiques sont organis\u00e9s pendant la plupart des jours de la <strong>Vel\u00e1 de Santa Ana 2024<\/strong>. La raison en est que le <g id=\"gid_1\">fleuve Guadalquivir<\/g> est tr\u00e8s proche du temple qui est \u00e0 l&rsquo;origine de cette f\u00eate. Les plus remarquables sont les suivants :  <\/p>\n<ul>\n<li>Aquathlon le long du fleuve Guadalquivir. L&rsquo;objectif est de parcourir une distance de 2,5 kilom\u00e8tres de course \u00e0 pied, 600 m\u00e8tres de natation et 2,5 kilom\u00e8tres de course \u00e0 pied. <\/li>\n<li>Tournois de padel.<\/li>\n<li>Comp\u00e9titions de football selon diff\u00e9rentes modalit\u00e9s (football \u00e0 7, football en salle et une comp\u00e9tition sp\u00e9ciale pour les v\u00e9t\u00e9rans).<\/li>\n<\/ul>\n<p>D&rsquo;autre part, des r\u00e9gates nocturnes et des tournois d&rsquo;\u00e9checs, de dominos et de p\u00e9tanque sont \u00e9galement organis\u00e9s. Chez <strong>LOCK &amp; enjoy !<\/strong>, nous vous conseillons de visiter les sites officiels correspondants pour vous inscrire \u00e0 temps \u00e0 l&rsquo;un des tournois et comp\u00e9titions organis\u00e9s. <\/p>\n<h3>Proclamation, spectacles musicaux et remise de prix<\/h3>\n<p>La proclamation de la plus ancienne <strong>f\u00eate populaire de<\/strong> S\u00e9ville marque le d\u00e9but des c\u00e9l\u00e9brations, mais des jours avant, il y a d\u00e9j\u00e0 des activit\u00e9s. Avant la proclamation, il y a un concert de l&rsquo;<strong>orchestre symphonique municipal<\/strong>. Pour savoir comment commence la f\u00eate, rendez-vous sur la Plaza del Altozano.  <\/p>\n<p>Chaque ann\u00e9e, les crieurs publics sont des personnes qui ont eu et continuent d&rsquo;avoir une grande influence artistique et sociale \u00e0 Triana.<\/p>\n<p>La place susmentionn\u00e9e est \u00e9galement l&rsquo;\u00e9picentre de tous les <strong>spectacles musicaux<\/strong> qui ont lieu tous les soirs. Le type de musique varie en fonction du public (flamenco, copla, musique commerciale, etc.). <\/p>\n<p>D&rsquo;autre part, en 2023, pour la premi\u00e8re fois, la remise de <strong>prix et de distinctions<\/strong> \u00e0 des personnes influentes et \u00e0 des institutions du quartier a \u00e9galement eu lieu. Ils sont choisis par un total de 15 personnalit\u00e9s qui sont charg\u00e9es de s\u00e9lectionner les Trianeros d&rsquo;honneur, de l&rsquo;ann\u00e9e et d&rsquo;adoption. <\/p>\n<p>Dans la rue Betis, vous trouverez de nombreuses \u00e9choppes o\u00f9 vous pourrez d\u00eener avec votre famille et vos amis dans le plus grand confort, pratiquement sur les rives du Guadalquivir.<\/p>\n<h3>La Cuca\u00f1a<\/h3>\n<p>Il s&rsquo;agit de l&rsquo;une des <strong>activit\u00e9s les plus anciennes<\/strong> du festival, puisqu&rsquo;elle a \u00e9t\u00e9 introduite dans le programme officiel en 1910. C&rsquo;est aussi l&rsquo;une de ses plus grandes attractions en raison du grand nombre de personnes qui se rassemblent pour profiter de ce jeu. <\/p>\n<p>Il consiste \u00e0 enduire de graisse ou de saindoux un \u00e9pais b\u00e2ton de bois et \u00e0 le placer horizontalement dans l&rsquo;eau. Au bout du b\u00e2ton se trouve un drapeau que les participants doivent atteindre. Cependant, en raison de la graisse glissante, il est tr\u00e8s difficile d&rsquo;atteindre l&rsquo;extr\u00e9mit\u00e9, ce qui entra\u00eene des chutes, des glissades et des plongeons. Nous vous invitons \u00e0 ne pas manquer cette exp\u00e9rience, car vous vous amuserez d\u00e8s la premi\u00e8re minute.   <\/p>\n<h3>Procession maritime<\/h3>\n<p>Dans la grande majorit\u00e9 des \u00e9ditions, la veille de la proclamation, a lieu la <strong>procession maritime<\/strong> en l&rsquo;honneur de la Virgen del Carmen. L&rsquo;image de la vierge susmentionn\u00e9e est transport\u00e9e de l&rsquo;\u00e9glise de La O au ch\u00e2teau de San Jorge, o\u00f9 elle est embarqu\u00e9e pour la procession le long du fleuve. <\/p>\n<p>La personne qui guide le catamaran fait une s\u00e9rie d&rsquo;arr\u00eats \u00e0 diff\u00e9rents endroits du fleuve o\u00f9 de petites offrandes florales sont faites. Une fois la procession termin\u00e9e, au petit matin, l&rsquo;image est transport\u00e9e dans les rues de Triana. <\/p>\n<h3>Concours<\/h3>\n<p>Dans toutes les \u00e9ditions, un certain nombre de <strong>concours<\/strong> m\u00e9ritent d&rsquo;\u00eatre soulign\u00e9s : <\/p>\n<ul>\n<li>Tireurs de bi\u00e8re. Des professionnels du secteur de l&rsquo;h\u00f4tellerie et de la restauration de S\u00e9ville participent \u00e0 cet \u00e9v\u00e9nement, o\u00f9 sont \u00e9valu\u00e9s des aspects tels que la technique et la propret\u00e9. <\/li>\n<li>Prix pour le stand le mieux not\u00e9.<\/li>\n<li>Le prix du meilleur tavernier de l&rsquo;ann\u00e9e est \u00e9galement d\u00e9cern\u00e9.<\/li>\n<\/ul>\n<p>Enfin, nous vous recommandons de consulter les horaires de bus pour vous rendre \u00e0 Triana. <a href=\"https:\/\/www.tussam.es\/es\"><strong>les horaires des bus pour se rendre \u00e0 Triana<\/strong><\/a> pour vous rendre \u00e0 Triana, car certaines de ses rues sont ferm\u00e9es \u00e0 la circulation.<\/p>\n<p><strong>Profitez de S\u00e9ville \u00e0 la Vel\u00e1 de Santa Ana 2024 !<\/strong> Tr\u00e8s proche de la rue Betis, nous avons l&rsquo;une de nos <strong>Consignes \u00e0 S\u00e9ville<\/strong>, \u00e0 seulement 15 minutes \u00e0 pied (Calle Zaragoza, 34). R\u00e9servez sur notre site web, <strong>LOCK &amp; enjoy<\/strong>, et b\u00e9n\u00e9ficiez de <a href=\"https:\/\/lockandenjoy.com\/fr\/nosoffres\/\"><strong>des r\u00e9ductions<\/strong><\/a>. <\/p>\n","protected":false},"excerpt":{"rendered":"<p>Si vous pr\u00e9voyez de venir \u00e0 S\u00e9ville pendant vos vacances, LOCK &amp; enjoy ! vous encourage \u00e0 visiter la ville pendant les derni\u00e8res semaines de juillet. La raison en est la c\u00e9l\u00e9bration de la Vel\u00e1 de Santa Ana 2024, l&rsquo;une des f\u00eates les plus importantes de la capitale s\u00e9villane. Profitez de S\u00e9ville en tout confort [&hellip;]<\/p>\n","protected":false},"author":13,"featured_media":91964,"comment_status":"closed","ping_status":"closed","sticky":false,"template":"","format":"standard","meta":{"inline_featured_image":false,"footnotes":""},"categories":[2742,2718],"tags":[1110,1108,1104,2689,950,1106],"class_list":["post-100814","post","type-post","status-publish","format-standard","has-post-thumbnail","hentry","category-actualites","category-sevilla-fr","tag-consignas-en-sevilla","tag-disfruta-de-sevilla","tag-fiesta-popular","tag-lock-enjoy-fr-2","tag-taquilla","tag-vela-de-santa-ana-2024"],"yoast_head":"<!-- This site is optimized with the Yoast SEO plugin v26.7 - https:\/\/yoast.com\/wordpress\/plugins\/seo\/ -->\n<title>La Vel\u00e1 de Santa Ana 2024<\/title>\n<meta name=\"description\" content=\"Renseignez-vous sur le festival 2024 Vel\u00e1 de Santa Ana \u00e0 S\u00e9ville et pensez \u00e0 r\u00e9server un casier LOCK &amp; enjoy ! pour vos effets personnels.\" \/>\n<meta name=\"robots\" content=\"index, follow, max-snippet:-1, max-image-preview:large, max-video-preview:-1\" \/>\n<link rel=\"canonical\" href=\"https:\/\/lockandenjoy.com\/fr\/la-vela-de-santa-ana-2024-2\/\" \/>\n<meta property=\"og:locale\" content=\"fr_FR\" \/>\n<meta property=\"og:type\" content=\"article\" \/>\n<meta property=\"og:title\" content=\"La Vel\u00e1 de Santa Ana 2024\" \/>\n<meta property=\"og:description\" content=\"Renseignez-vous sur le festival 2024 Vel\u00e1 de Santa Ana \u00e0 S\u00e9ville et pensez \u00e0 r\u00e9server un casier LOCK &amp; enjoy ! pour vos effets personnels.\" \/>\n<meta property=\"og:url\" content=\"https:\/\/lockandenjoy.com\/fr\/la-vela-de-santa-ana-2024-2\/\" \/>\n<meta property=\"og:site_name\" content=\"LOCK &amp; enjoy!\" \/>\n<meta property=\"article:published_time\" content=\"2024-07-18T07:00:19+00:00\" \/>\n<meta property=\"article:modified_time\" content=\"2025-11-18T23:20:45+00:00\" \/>\n<meta property=\"og:image\" content=\"https:\/\/lockandenjoy.com\/wp-content\/uploads\/2024\/06\/Cucana-Vela-de-Santa-Ana-Triana-2023-1.jpg\" \/>\n\t<meta property=\"og:image:width\" content=\"1200\" \/>\n\t<meta property=\"og:image:height\" content=\"800\" \/>\n\t<meta property=\"og:image:type\" content=\"image\/jpeg\" \/>\n<meta name=\"author\" content=\"Manuel Rodrigues\" \/>\n<meta name=\"twitter:card\" content=\"summary_large_image\" \/>\n<meta name=\"twitter:label1\" content=\"\u00c9crit par\" \/>\n\t<meta name=\"twitter:data1\" content=\"Manuel Rodrigues\" \/>\n\t<meta name=\"twitter:label2\" content=\"Dur\u00e9e de lecture estim\u00e9e\" \/>\n\t<meta name=\"twitter:data2\" content=\"6 minute\" \/>\n<script type=\"application\/ld+json\" class=\"yoast-schema-graph\">{\"@context\":\"https:\/\/schema.org\",\"@graph\":[{\"@type\":\"Article\",\"@id\":\"https:\/\/lockandenjoy.com\/fr\/la-vela-de-santa-ana-2024-2\/#article\",\"isPartOf\":{\"@id\":\"https:\/\/lockandenjoy.com\/fr\/la-vela-de-santa-ana-2024-2\/\"},\"author\":{\"name\":\"Manuel Rodrigues\",\"@id\":\"https:\/\/lockandenjoy.com\/fr\/#\/schema\/person\/6a446cc9a3000805ef45453d3727383f\"},\"headline\":\"La Vel\u00e1 de Santa Ana 2024\",\"datePublished\":\"2024-07-18T07:00:19+00:00\",\"dateModified\":\"2025-11-18T23:20:45+00:00\",\"mainEntityOfPage\":{\"@id\":\"https:\/\/lockandenjoy.com\/fr\/la-vela-de-santa-ana-2024-2\/\"},\"wordCount\":1179,\"image\":{\"@id\":\"https:\/\/lockandenjoy.com\/fr\/la-vela-de-santa-ana-2024-2\/#primaryimage\"},\"thumbnailUrl\":\"https:\/\/lockandenjoy.com\/wp-content\/uploads\/2024\/06\/Cucana-Vela-de-Santa-Ana-Triana-2023-1.jpg\",\"keywords\":[\"consignas en Sevilla\",\"disfruta de Sevilla\",\"fiesta popular\",\"Lock &amp; Enjoy\",\"taquilla\",\"Vel\u00e1 de Santa Ana 2024\"],\"articleSection\":[\"Actualit\u00e9s\",\"S\u00e9ville\"],\"inLanguage\":\"fr-FR\"},{\"@type\":\"WebPage\",\"@id\":\"https:\/\/lockandenjoy.com\/fr\/la-vela-de-santa-ana-2024-2\/\",\"url\":\"https:\/\/lockandenjoy.com\/fr\/la-vela-de-santa-ana-2024-2\/\",\"name\":\"La Vel\u00e1 de Santa Ana 2024\",\"isPartOf\":{\"@id\":\"https:\/\/lockandenjoy.com\/fr\/#website\"},\"primaryImageOfPage\":{\"@id\":\"https:\/\/lockandenjoy.com\/fr\/la-vela-de-santa-ana-2024-2\/#primaryimage\"},\"image\":{\"@id\":\"https:\/\/lockandenjoy.com\/fr\/la-vela-de-santa-ana-2024-2\/#primaryimage\"},\"thumbnailUrl\":\"https:\/\/lockandenjoy.com\/wp-content\/uploads\/2024\/06\/Cucana-Vela-de-Santa-Ana-Triana-2023-1.jpg\",\"datePublished\":\"2024-07-18T07:00:19+00:00\",\"dateModified\":\"2025-11-18T23:20:45+00:00\",\"author\":{\"@id\":\"https:\/\/lockandenjoy.com\/fr\/#\/schema\/person\/6a446cc9a3000805ef45453d3727383f\"},\"description\":\"Renseignez-vous sur le festival 2024 Vel\u00e1 de Santa Ana \u00e0 S\u00e9ville et pensez \u00e0 r\u00e9server un casier LOCK & enjoy ! pour vos effets personnels.\",\"breadcrumb\":{\"@id\":\"https:\/\/lockandenjoy.com\/fr\/la-vela-de-santa-ana-2024-2\/#breadcrumb\"},\"inLanguage\":\"fr-FR\",\"potentialAction\":[{\"@type\":\"ReadAction\",\"target\":[\"https:\/\/lockandenjoy.com\/fr\/la-vela-de-santa-ana-2024-2\/\"]}]},{\"@type\":\"ImageObject\",\"inLanguage\":\"fr-FR\",\"@id\":\"https:\/\/lockandenjoy.com\/fr\/la-vela-de-santa-ana-2024-2\/#primaryimage\",\"url\":\"https:\/\/lockandenjoy.com\/wp-content\/uploads\/2024\/06\/Cucana-Vela-de-Santa-Ana-Triana-2023-1.jpg\",\"contentUrl\":\"https:\/\/lockandenjoy.com\/wp-content\/uploads\/2024\/06\/Cucana-Vela-de-Santa-Ana-Triana-2023-1.jpg\",\"width\":1200,\"height\":800,\"caption\":\"Participants \u00e0 l'\u00e9preuve de la Cuca\u00f1a lors de la Vel\u00e1 de Santa Ana \u00e0 S\u00e9ville, essayant d'atteindre le prix au bout du poteau glissant au-dessus de la rivi\u00e8re Guadalquivir.\"},{\"@type\":\"BreadcrumbList\",\"@id\":\"https:\/\/lockandenjoy.com\/fr\/la-vela-de-santa-ana-2024-2\/#breadcrumb\",\"itemListElement\":[{\"@type\":\"ListItem\",\"position\":1,\"name\":\"LOCK &amp; enjoy!\",\"item\":\"https:\/\/lockandenjoy.com\/fr\/\"},{\"@type\":\"ListItem\",\"position\":2,\"name\":\"Ciudad\",\"item\":\"https:\/\/lockandenjoy.com\/fr\/category\/ciudad\/\"},{\"@type\":\"ListItem\",\"position\":3,\"name\":\"S\u00e9ville\",\"item\":\"https:\/\/lockandenjoy.com\/fr\/category\/sevilla-fr\/\"},{\"@type\":\"ListItem\",\"position\":4,\"name\":\"La Vel\u00e1 de Santa Ana 2024\"}]},{\"@type\":\"WebSite\",\"@id\":\"https:\/\/lockandenjoy.com\/fr\/#website\",\"url\":\"https:\/\/lockandenjoy.com\/fr\/\",\"name\":\"LOCK &amp; enjoy!\",\"description\":\"\",\"potentialAction\":[{\"@type\":\"SearchAction\",\"target\":{\"@type\":\"EntryPoint\",\"urlTemplate\":\"https:\/\/lockandenjoy.com\/fr\/?s={search_term_string}\"},\"query-input\":{\"@type\":\"PropertyValueSpecification\",\"valueRequired\":true,\"valueName\":\"search_term_string\"}}],\"inLanguage\":\"fr-FR\"},{\"@type\":\"Person\",\"@id\":\"https:\/\/lockandenjoy.com\/fr\/#\/schema\/person\/6a446cc9a3000805ef45453d3727383f\",\"name\":\"Manuel Rodrigues\",\"image\":{\"@type\":\"ImageObject\",\"inLanguage\":\"fr-FR\",\"@id\":\"https:\/\/lockandenjoy.com\/fr\/#\/schema\/person\/image\/\",\"url\":\"https:\/\/lockandenjoy.com\/wp-content\/uploads\/2024\/04\/Manuel-100x100.jpg\",\"contentUrl\":\"https:\/\/lockandenjoy.com\/wp-content\/uploads\/2024\/04\/Manuel-100x100.jpg\",\"caption\":\"Manuel Rodrigues\"},\"description\":\"General Manager &amp; Co-Fundador de LOCK &amp; enjoy!, posee m\u00e1s de 15 a\u00f1os de experiencia en liderazgo de equipos y proyectos comerciales en distintas multinacionales. Con un esp\u00edritu viajero y habilidades contrastadas en gesti\u00f3n humana, es el candidato ideal para impulsar el desarrollo de negocios. Su visi\u00f3n creativa aporta un enfoque innovador a la identidad de marca de cualquier proyecto.\",\"sameAs\":[\"https:\/\/lockandenjoy.com\/\",\"https:\/\/www.linkedin.com\/in\/manuelrodriguesg\/\"],\"url\":\"https:\/\/lockandenjoy.com\/fr\/author\/manuel_lockandenjoy\/\"}]}<\/script>\n<!-- \/ Yoast SEO plugin. -->","yoast_head_json":{"title":"La Vel\u00e1 de Santa Ana 2024","description":"Renseignez-vous sur le festival 2024 Vel\u00e1 de Santa Ana \u00e0 S\u00e9ville et pensez \u00e0 r\u00e9server un casier LOCK & enjoy ! pour vos effets personnels.","robots":{"index":"index","follow":"follow","max-snippet":"max-snippet:-1","max-image-preview":"max-image-preview:large","max-video-preview":"max-video-preview:-1"},"canonical":"https:\/\/lockandenjoy.com\/fr\/la-vela-de-santa-ana-2024-2\/","og_locale":"fr_FR","og_type":"article","og_title":"La Vel\u00e1 de Santa Ana 2024","og_description":"Renseignez-vous sur le festival 2024 Vel\u00e1 de Santa Ana \u00e0 S\u00e9ville et pensez \u00e0 r\u00e9server un casier LOCK & enjoy ! pour vos effets personnels.","og_url":"https:\/\/lockandenjoy.com\/fr\/la-vela-de-santa-ana-2024-2\/","og_site_name":"LOCK &amp; enjoy!","article_published_time":"2024-07-18T07:00:19+00:00","article_modified_time":"2025-11-18T23:20:45+00:00","og_image":[{"width":1200,"height":800,"url":"https:\/\/lockandenjoy.com\/wp-content\/uploads\/2024\/06\/Cucana-Vela-de-Santa-Ana-Triana-2023-1.jpg","type":"image\/jpeg"}],"author":"Manuel Rodrigues","twitter_card":"summary_large_image","twitter_misc":{"\u00c9crit par":"Manuel Rodrigues","Dur\u00e9e de lecture estim\u00e9e":"6 minute"},"schema":{"@context":"https:\/\/schema.org","@graph":[{"@type":"Article","@id":"https:\/\/lockandenjoy.com\/fr\/la-vela-de-santa-ana-2024-2\/#article","isPartOf":{"@id":"https:\/\/lockandenjoy.com\/fr\/la-vela-de-santa-ana-2024-2\/"},"author":{"name":"Manuel Rodrigues","@id":"https:\/\/lockandenjoy.com\/fr\/#\/schema\/person\/6a446cc9a3000805ef45453d3727383f"},"headline":"La Vel\u00e1 de Santa Ana 2024","datePublished":"2024-07-18T07:00:19+00:00","dateModified":"2025-11-18T23:20:45+00:00","mainEntityOfPage":{"@id":"https:\/\/lockandenjoy.com\/fr\/la-vela-de-santa-ana-2024-2\/"},"wordCount":1179,"image":{"@id":"https:\/\/lockandenjoy.com\/fr\/la-vela-de-santa-ana-2024-2\/#primaryimage"},"thumbnailUrl":"https:\/\/lockandenjoy.com\/wp-content\/uploads\/2024\/06\/Cucana-Vela-de-Santa-Ana-Triana-2023-1.jpg","keywords":["consignas en Sevilla","disfruta de Sevilla","fiesta popular","Lock &amp; Enjoy","taquilla","Vel\u00e1 de Santa Ana 2024"],"articleSection":["Actualit\u00e9s","S\u00e9ville"],"inLanguage":"fr-FR"},{"@type":"WebPage","@id":"https:\/\/lockandenjoy.com\/fr\/la-vela-de-santa-ana-2024-2\/","url":"https:\/\/lockandenjoy.com\/fr\/la-vela-de-santa-ana-2024-2\/","name":"La Vel\u00e1 de Santa Ana 2024","isPartOf":{"@id":"https:\/\/lockandenjoy.com\/fr\/#website"},"primaryImageOfPage":{"@id":"https:\/\/lockandenjoy.com\/fr\/la-vela-de-santa-ana-2024-2\/#primaryimage"},"image":{"@id":"https:\/\/lockandenjoy.com\/fr\/la-vela-de-santa-ana-2024-2\/#primaryimage"},"thumbnailUrl":"https:\/\/lockandenjoy.com\/wp-content\/uploads\/2024\/06\/Cucana-Vela-de-Santa-Ana-Triana-2023-1.jpg","datePublished":"2024-07-18T07:00:19+00:00","dateModified":"2025-11-18T23:20:45+00:00","author":{"@id":"https:\/\/lockandenjoy.com\/fr\/#\/schema\/person\/6a446cc9a3000805ef45453d3727383f"},"description":"Renseignez-vous sur le festival 2024 Vel\u00e1 de Santa Ana \u00e0 S\u00e9ville et pensez \u00e0 r\u00e9server un casier LOCK & enjoy ! pour vos effets personnels.","breadcrumb":{"@id":"https:\/\/lockandenjoy.com\/fr\/la-vela-de-santa-ana-2024-2\/#breadcrumb"},"inLanguage":"fr-FR","potentialAction":[{"@type":"ReadAction","target":["https:\/\/lockandenjoy.com\/fr\/la-vela-de-santa-ana-2024-2\/"]}]},{"@type":"ImageObject","inLanguage":"fr-FR","@id":"https:\/\/lockandenjoy.com\/fr\/la-vela-de-santa-ana-2024-2\/#primaryimage","url":"https:\/\/lockandenjoy.com\/wp-content\/uploads\/2024\/06\/Cucana-Vela-de-Santa-Ana-Triana-2023-1.jpg","contentUrl":"https:\/\/lockandenjoy.com\/wp-content\/uploads\/2024\/06\/Cucana-Vela-de-Santa-Ana-Triana-2023-1.jpg","width":1200,"height":800,"caption":"Participants \u00e0 l'\u00e9preuve de la Cuca\u00f1a lors de la Vel\u00e1 de Santa Ana \u00e0 S\u00e9ville, essayant d'atteindre le prix au bout du poteau glissant au-dessus de la rivi\u00e8re Guadalquivir."},{"@type":"BreadcrumbList","@id":"https:\/\/lockandenjoy.com\/fr\/la-vela-de-santa-ana-2024-2\/#breadcrumb","itemListElement":[{"@type":"ListItem","position":1,"name":"LOCK &amp; enjoy!","item":"https:\/\/lockandenjoy.com\/fr\/"},{"@type":"ListItem","position":2,"name":"Ciudad","item":"https:\/\/lockandenjoy.com\/fr\/category\/ciudad\/"},{"@type":"ListItem","position":3,"name":"S\u00e9ville","item":"https:\/\/lockandenjoy.com\/fr\/category\/sevilla-fr\/"},{"@type":"ListItem","position":4,"name":"La Vel\u00e1 de Santa Ana 2024"}]},{"@type":"WebSite","@id":"https:\/\/lockandenjoy.com\/fr\/#website","url":"https:\/\/lockandenjoy.com\/fr\/","name":"LOCK &amp; enjoy!","description":"","potentialAction":[{"@type":"SearchAction","target":{"@type":"EntryPoint","urlTemplate":"https:\/\/lockandenjoy.com\/fr\/?s={search_term_string}"},"query-input":{"@type":"PropertyValueSpecification","valueRequired":true,"valueName":"search_term_string"}}],"inLanguage":"fr-FR"},{"@type":"Person","@id":"https:\/\/lockandenjoy.com\/fr\/#\/schema\/person\/6a446cc9a3000805ef45453d3727383f","name":"Manuel Rodrigues","image":{"@type":"ImageObject","inLanguage":"fr-FR","@id":"https:\/\/lockandenjoy.com\/fr\/#\/schema\/person\/image\/","url":"https:\/\/lockandenjoy.com\/wp-content\/uploads\/2024\/04\/Manuel-100x100.jpg","contentUrl":"https:\/\/lockandenjoy.com\/wp-content\/uploads\/2024\/04\/Manuel-100x100.jpg","caption":"Manuel Rodrigues"},"description":"General Manager &amp; Co-Fundador de LOCK &amp; enjoy!, posee m\u00e1s de 15 a\u00f1os de experiencia en liderazgo de equipos y proyectos comerciales en distintas multinacionales. Con un esp\u00edritu viajero y habilidades contrastadas en gesti\u00f3n humana, es el candidato ideal para impulsar el desarrollo de negocios. Su visi\u00f3n creativa aporta un enfoque innovador a la identidad de marca de cualquier proyecto.","sameAs":["https:\/\/lockandenjoy.com\/","https:\/\/www.linkedin.com\/in\/manuelrodriguesg\/"],"url":"https:\/\/lockandenjoy.com\/fr\/author\/manuel_lockandenjoy\/"}]}},"_links":{"self":[{"href":"https:\/\/lockandenjoy.com\/fr\/wp-json\/wp\/v2\/posts\/100814","targetHints":{"allow":["GET"]}}],"collection":[{"href":"https:\/\/lockandenjoy.com\/fr\/wp-json\/wp\/v2\/posts"}],"about":[{"href":"https:\/\/lockandenjoy.com\/fr\/wp-json\/wp\/v2\/types\/post"}],"author":[{"embeddable":true,"href":"https:\/\/lockandenjoy.com\/fr\/wp-json\/wp\/v2\/users\/13"}],"replies":[{"embeddable":true,"href":"https:\/\/lockandenjoy.com\/fr\/wp-json\/wp\/v2\/comments?post=100814"}],"version-history":[{"count":0,"href":"https:\/\/lockandenjoy.com\/fr\/wp-json\/wp\/v2\/posts\/100814\/revisions"}],"wp:featuredmedia":[{"embeddable":true,"href":"https:\/\/lockandenjoy.com\/fr\/wp-json\/wp\/v2\/media\/91964"}],"wp:attachment":[{"href":"https:\/\/lockandenjoy.com\/fr\/wp-json\/wp\/v2\/media?parent=100814"}],"wp:term":[{"taxonomy":"category","embeddable":true,"href":"https:\/\/lockandenjoy.com\/fr\/wp-json\/wp\/v2\/categories?post=100814"},{"taxonomy":"post_tag","embeddable":true,"href":"https:\/\/lockandenjoy.com\/fr\/wp-json\/wp\/v2\/tags?post=100814"}],"curies":[{"name":"wp","href":"https:\/\/api.w.org\/{rel}","templated":true}]}}