{"id":100811,"date":"2024-07-08T07:41:07","date_gmt":"2024-07-08T07:41:07","guid":{"rendered":"https:\/\/lockandenjoy.com\/la-feria-de-julio-de-valencia\/"},"modified":"2025-11-17T20:13:19","modified_gmt":"2025-11-17T20:13:19","slug":"la-foire-de-juillet-de-valence","status":"publish","type":"post","link":"https:\/\/lockandenjoy.com\/fr\/la-foire-de-juillet-de-valence\/","title":{"rendered":"La foire de juillet \u00e0 Valence"},"content":{"rendered":"<p>La <strong>Foire de Juillet de Valence<\/strong> est l&rsquo;une des f\u00eates les plus importantes de la ville de Valence apr\u00e8s les Fallas. Les dates de d\u00e9but des festivit\u00e9s approchent, c&rsquo;est pourquoi <strong>LOCK &amp; enjoy !<\/strong> vous pr\u00e9sente le programme officiel de cette ann\u00e9e. <\/p>\n<p>Votre train ou votre avion part l&rsquo;apr\u00e8s-midi ou le soir et vous n&rsquo;avez nulle part o\u00f9 laisser vos bagages ? A Valence, nous avons <a href=\"https:\/\/lockandenjoy.com\/fr\/valencia-choisirlockers\/\"><strong>deux Cassiers \u00e0 Valence<\/strong><\/a>l&rsquo;une pr\u00e8s de l&rsquo;h\u00f4tel de ville de Valence et l&rsquo;autre dans le c\u00e9l\u00e8bre quartier de Ruzafa. <\/p>\n<h2>Qu&rsquo;est-ce que la foire de juillet de Valence ?<\/h2>\n<p>Il s&rsquo;agit de l&rsquo;\u00e9v\u00e9nement <strong>le plus important de l&rsquo;\u00e9t\u00e9<\/strong>, qui remonte \u00e0 1871, une \u00e9poque o\u00f9 la ville connaissait une croissance \u00e9conomique et industrielle.<\/p>\n<p>Les autorit\u00e9s locales ont eu l&rsquo;id\u00e9e de proposer une s\u00e9rie d&rsquo;activit\u00e9s culturelles et festives afin de dynamiser le commerce et d&rsquo;attirer le tourisme. La raison principale est que la ville se d\u00e9peuple en \u00e9t\u00e9 et qu&rsquo;il est n\u00e9cessaire de retenir la population quelques jours de plus pour assurer le commerce local. <\/p>\n<h2>Programme de la foire de juillet de Valence 2024<\/h2>\n<p>La <em>Gran Fira de Juliol<\/em> commence ses activit\u00e9s le <strong>1er juillet<\/strong> et se termine le 28 juillet. Le programme officiel de cette ann\u00e9e comprend plus de 200 activit\u00e9s, dont la plupart sont gratuites. <\/p>\n<p>N&rsquo;oubliez pas que cette f\u00eate n&rsquo;a pas lieu dans une zone sp\u00e9cifique, car les activit\u00e9s se d\u00e9roulent dans de nombreux quartiers et districts de la ville. En cas de doute, consultez les horaires des bus de la ville de Valence et du m\u00e9tro de Valence sur le <a href=\"https:\/\/www.emtvalencia.es\/ciudadano\/index.php\"><strong>site web<\/strong><\/a>. <\/p>\n<h3>Feux d&rsquo;artifice<\/h3>\n<p>Les feux d&rsquo;artifice sont un \u00e9v\u00e9nement incontournable \u00e0 Valence. Pendant un mois et \u00e0 diff\u00e9rents endroits, des feux d&rsquo;artifice sont tir\u00e9s pour comm\u00e9morer la c\u00e9l\u00e9bration de cet \u00e9v\u00e9nement. Les feux d <g id=\"gid_0\">&lsquo;artifice<\/g> sont lanc\u00e9s tous les samedis du mois \u00e0 minuit, avec les meilleures entreprises pyrotechniques de la ville. Nous vous indiquons lesquelles :   <\/p>\n<ul>\n<li>1er juillet (ouverture) : Place de l&rsquo;H\u00f4tel de Ville.<\/li>\n<li>6 juillet : Place de l&rsquo;h\u00f4tel de ville.<\/li>\n<li>13 juillet : Pont de Monteolivete.<\/li>\n<li>20 juillet : La Marina.<\/li>\n<li>27 juillet : Place de l&rsquo;h\u00f4tel de ville.<\/li>\n<\/ul>\n<p>Chez <strong>LOCK &amp; enjoy !<\/strong>, nous vous recommandons d&rsquo;y aller \u00e0 temps pour choisir un bon emplacement, car il est probable que la foule vous emp\u00eache de voir le feu d&rsquo;artifice normalement.<\/p>\n<h3>Festival de <em>jazz<\/em><\/h3>\n<p>Ce festival d&rsquo;une semaine se d\u00e9roule \u00e9galement dans diff\u00e9rents quartiers de la ville. Au total, <strong>8 concerts gratuits<\/strong> vous permettront d&rsquo;appr\u00e9cier ce magnifique genre musical : <\/p>\n<ul>\n<li>20 juillet : Martina Sabariego (Plaza de Campanar).<\/li>\n<li>21 juillet : Paco Soler (Plaza del Sant\u00edsimo Cristo de Nazaret).<\/li>\n<li>27 juillet : Eduard Marquina (Parc Central).<\/li>\n<li>28 juillet : Julia Sapi\u00f1a (Parc de Benicalap).<\/li>\n<\/ul>\n<p>Visitez le site web pour tous les <a href=\"https:\/\/palauvalencia.com\/jazz-2\/\"><strong>programme<\/strong><\/a> au cas o\u00f9 vous seriez int\u00e9ress\u00e9 par l&rsquo;un des artistes r\u00e9mun\u00e9r\u00e9s.<\/p>\n<h3>Concerts Viveros<\/h3>\n<p>C&rsquo;est l&rsquo;une des rares activit\u00e9s payantes de la <strong>foire de juillet de Valence<\/strong>. Il s&rsquo;agit d&rsquo;une s\u00e9rie de concerts organis\u00e9s dans les Jardins de Vivers, au cours desquels se produisent des artistes de renomm\u00e9e nationale. <\/p>\n<p>Du 2 au 23 juillet (les deux inclus), des concerts sont organis\u00e9s. Parmi les <strong>artistes<\/strong>, citons : Sergio Dalma, Ni\u00f1a Pastori, Pablo L\u00f3pez, Julieta Venegas ou Taburete, pour ne citer que quelques exemples. <\/p>\n<p>Il s&rsquo;agit de l&rsquo;un des \u00e9v\u00e9nements les plus fr\u00e9quent\u00e9s et les plus suivis, c&rsquo;est pourquoi nous vous recommandons d&rsquo;acheter vos billets le plus t\u00f4t possible.<\/p>\n<h3>F\u00eate foraine<\/h3>\n<p>La f\u00eate foraine a ouvert ses portes le 22 juin, mais elle est un \u00e9l\u00e9ment essentiel de la <strong>foire de juillet de Valence<\/strong>, car elle attire \u00e9galement de nombreux touristes qui visitent la ville. N&rsquo;oubliez pas que le dernier jour pour profiter de ses attractions est le 4 ao\u00fbt. Elle est situ\u00e9e dans l&rsquo;ancien lit du Turia.  <\/p>\n<p>Cette foire est ouverte du dimanche au jeudi de 18h30 \u00e0 01h00, mais les vendredis et samedis, elle est un peu plus longue, jusqu&rsquo;\u00e0 02h00.<\/p>\n<p>C&rsquo;est l&rsquo;endroit id\u00e9al pour se rendre en famille ou avec les plus petits. La foire propose des tombolas, des stands de nourriture, des stands de f\u00eate foraine et les attractions habituelles. <\/p>\n<h3>La bataille des fleurs<\/h3>\n<p>Cet \u00e9v\u00e9nement a lieu le dernier jour de la foire et attire \u00e9galement de nombreux touristes. Elle se d\u00e9roule sur le c\u00e9l\u00e8bre <strong>Paseo de la Alameda<\/strong> et commence \u00e0 20 heures le 28 juillet. <\/p>\n<p>Il s&rsquo;agit d&rsquo;un d\u00e9fil\u00e9 de chars fleuris au cours duquel les participants lancent des \u0153illets au public et vice-versa. Les chars sont compos\u00e9s de jeunes filles et de femmes repr\u00e9sentant les secteurs des Fallas, ainsi que des reines officielles des f\u00eates d&rsquo;Alicante et de Castell\u00f3n. Les participants s&rsquo;\u00e9quipent de raquettes de tennis pour esquiver symboliquement les \u0153illets lanc\u00e9s par le public. Enfin, lorsque les chars ont fini de d\u00e9filer, des milliers de personnes sortent sur le Paseo de la Alameda pour continuer \u00e0 s&rsquo;amuser en se lan\u00e7ant des fleurs.   <\/p>\n<p>Plus d&rsquo;un million d&rsquo;\u0153illets sont utilis\u00e9s pour cette c\u00e9l\u00e9bration pleine de musique, de lumi\u00e8re et de couleurs.<\/p>\n<h3>Autres activit\u00e9s<\/h3>\n<p>Dans presque tous les <strong>quartiers centraux<\/strong>, il y a de nombreuses activit\u00e9s en plein air telles que des spectacles de magie, des ateliers pour enfants, des monologues et des contes. Nous vous recommandons de ne pas avoir d&rsquo;itin\u00e9raire fixe et de vous laisser perdre dans les rues pour profiter de ces petits d\u00e9tails qui passent inaper\u00e7us. <\/p>\n<p>D&rsquo;autre part, la mairie de Valence a ajout\u00e9 au programme officiel une nouveaut\u00e9 qui m\u00e9rite d&rsquo;\u00eatre connue. Il s&rsquo;agit d&rsquo;une navette gratuite pour se rendre \u00e0 l&rsquo;<strong>Albufera<\/strong> et, en outre, d&rsquo;une promenade en bateau \u00e0 la fin de la visite. L&rsquo;excursion sera encadr\u00e9e par un \u00e9ducateur environnemental qui fournira des informations sur ce magnifique environnement naturel.  <\/p>\n<p><strong>Profitez de la foire de juillet \u00e0 Valence !<\/strong> Si vous \u00eates en visite et que vous devez laisser votre sac \u00e0 dos, chez <strong>LOCK &amp; enjoy !<\/strong> nous avons des <strong>Consignes \u00e0 Valence<\/strong> avec chargeur USB et surveillance vid\u00e9o 24 heures sur 24. <a href=\"https:\/\/lockandenjoy.com\/fr\/valencia-choisirlockers\/\"><strong>R\u00e9servez votre casier !<\/strong><\/a><\/p>\n","protected":false},"excerpt":{"rendered":"<p>La Foire de Juillet de Valence est l&rsquo;une des f\u00eates les plus importantes de la ville de Valence apr\u00e8s les Fallas. Les dates de d\u00e9but des festivit\u00e9s approchent, c&rsquo;est pourquoi LOCK &amp; enjoy ! vous pr\u00e9sente le programme officiel de cette ann\u00e9e. Votre train ou votre avion part l&rsquo;apr\u00e8s-midi ou le soir et vous n&rsquo;avez [&hellip;]<\/p>\n","protected":false},"author":2,"featured_media":91968,"comment_status":"closed","ping_status":"closed","sticky":false,"template":"","format":"standard","meta":{"inline_featured_image":false,"footnotes":""},"categories":[2742,2722],"tags":[1131,1129,289,421],"class_list":["post-100811","post","type-post","status-publish","format-standard","has-post-thumbnail","hentry","category-actualites","category-valencia-fr","tag-consignas-en-valencia","tag-la-feria-de-julio-de-valencia","tag-lock-enjoy","tag-taquillas"],"yoast_head":"<!-- This site is optimized with the Yoast SEO plugin v26.7 - https:\/\/yoast.com\/wordpress\/plugins\/seo\/ -->\n<title>Profitez de la foire de juillet de Valence !<\/title>\n<meta name=\"description\" content=\"R\u00e9servez une Cassier intelligente chez LOCK &amp; enjoy ! et profitez de la Feria de Julio \u00e0 Valence avec ses nombreuses activit\u00e9s et \u00e9v\u00e9nements.\" \/>\n<meta name=\"robots\" content=\"index, follow, max-snippet:-1, max-image-preview:large, max-video-preview:-1\" \/>\n<link rel=\"canonical\" href=\"https:\/\/lockandenjoy.com\/fr\/la-foire-de-juillet-de-valence\/\" \/>\n<meta property=\"og:locale\" content=\"fr_FR\" \/>\n<meta property=\"og:type\" content=\"article\" \/>\n<meta property=\"og:title\" content=\"Profitez de la foire de juillet de Valence !\" \/>\n<meta property=\"og:description\" content=\"R\u00e9servez une Cassier intelligente chez LOCK &amp; enjoy ! et profitez de la Feria de Julio \u00e0 Valence avec ses nombreuses activit\u00e9s et \u00e9v\u00e9nements.\" \/>\n<meta property=\"og:url\" content=\"https:\/\/lockandenjoy.com\/fr\/la-foire-de-juillet-de-valence\/\" \/>\n<meta property=\"og:site_name\" content=\"LOCK &amp; enjoy!\" \/>\n<meta property=\"article:published_time\" content=\"2024-07-08T07:41:07+00:00\" \/>\n<meta property=\"article:modified_time\" content=\"2025-11-17T20:13:19+00:00\" \/>\n<meta property=\"og:image\" content=\"https:\/\/lockandenjoy.com\/wp-content\/uploads\/2024\/06\/698f32b2-8847-495e-8767-12b1b08b047e_16-9-discover-aspect-ratio_default_0.jpg\" \/>\n\t<meta property=\"og:image:width\" content=\"1200\" \/>\n\t<meta property=\"og:image:height\" content=\"675\" \/>\n\t<meta property=\"og:image:type\" content=\"image\/jpeg\" \/>\n<meta name=\"author\" content=\"Roc\u00edo Santos\" \/>\n<meta name=\"twitter:card\" content=\"summary_large_image\" \/>\n<meta name=\"twitter:label1\" content=\"\u00c9crit par\" \/>\n\t<meta name=\"twitter:data1\" content=\"Roc\u00edo Santos\" \/>\n\t<meta name=\"twitter:label2\" content=\"Dur\u00e9e de lecture estim\u00e9e\" \/>\n\t<meta name=\"twitter:data2\" content=\"5 minute\" \/>\n<script type=\"application\/ld+json\" class=\"yoast-schema-graph\">{\"@context\":\"https:\/\/schema.org\",\"@graph\":[{\"@type\":\"Article\",\"@id\":\"https:\/\/lockandenjoy.com\/fr\/la-foire-de-juillet-de-valence\/#article\",\"isPartOf\":{\"@id\":\"https:\/\/lockandenjoy.com\/fr\/la-foire-de-juillet-de-valence\/\"},\"author\":{\"name\":\"Roc\u00edo Santos\",\"@id\":\"https:\/\/lockandenjoy.com\/fr\/#\/schema\/person\/be7a199afa208768b3d88af900ddefbb\"},\"headline\":\"La foire de juillet \u00e0 Valence\",\"datePublished\":\"2024-07-08T07:41:07+00:00\",\"dateModified\":\"2025-11-17T20:13:19+00:00\",\"mainEntityOfPage\":{\"@id\":\"https:\/\/lockandenjoy.com\/fr\/la-foire-de-juillet-de-valence\/\"},\"wordCount\":1079,\"image\":{\"@id\":\"https:\/\/lockandenjoy.com\/fr\/la-foire-de-juillet-de-valence\/#primaryimage\"},\"thumbnailUrl\":\"https:\/\/lockandenjoy.com\/wp-content\/uploads\/2024\/06\/698f32b2-8847-495e-8767-12b1b08b047e_16-9-discover-aspect-ratio_default_0.jpg\",\"keywords\":[\"consignas en Valencia\",\"La Feria de Julio de Valencia\",\"Lock &amp; Enjoy\",\"Taquillas\"],\"articleSection\":[\"Actualit\u00e9s\",\"Valencia\"],\"inLanguage\":\"fr-FR\"},{\"@type\":\"WebPage\",\"@id\":\"https:\/\/lockandenjoy.com\/fr\/la-foire-de-juillet-de-valence\/\",\"url\":\"https:\/\/lockandenjoy.com\/fr\/la-foire-de-juillet-de-valence\/\",\"name\":\"Profitez de la foire de juillet de Valence !\",\"isPartOf\":{\"@id\":\"https:\/\/lockandenjoy.com\/fr\/#website\"},\"primaryImageOfPage\":{\"@id\":\"https:\/\/lockandenjoy.com\/fr\/la-foire-de-juillet-de-valence\/#primaryimage\"},\"image\":{\"@id\":\"https:\/\/lockandenjoy.com\/fr\/la-foire-de-juillet-de-valence\/#primaryimage\"},\"thumbnailUrl\":\"https:\/\/lockandenjoy.com\/wp-content\/uploads\/2024\/06\/698f32b2-8847-495e-8767-12b1b08b047e_16-9-discover-aspect-ratio_default_0.jpg\",\"datePublished\":\"2024-07-08T07:41:07+00:00\",\"dateModified\":\"2025-11-17T20:13:19+00:00\",\"author\":{\"@id\":\"https:\/\/lockandenjoy.com\/fr\/#\/schema\/person\/be7a199afa208768b3d88af900ddefbb\"},\"description\":\"R\u00e9servez une Cassier intelligente chez LOCK & enjoy ! et profitez de la Feria de Julio \u00e0 Valence avec ses nombreuses activit\u00e9s et \u00e9v\u00e9nements.\",\"breadcrumb\":{\"@id\":\"https:\/\/lockandenjoy.com\/fr\/la-foire-de-juillet-de-valence\/#breadcrumb\"},\"inLanguage\":\"fr-FR\",\"potentialAction\":[{\"@type\":\"ReadAction\",\"target\":[\"https:\/\/lockandenjoy.com\/fr\/la-foire-de-juillet-de-valence\/\"]}]},{\"@type\":\"ImageObject\",\"inLanguage\":\"fr-FR\",\"@id\":\"https:\/\/lockandenjoy.com\/fr\/la-foire-de-juillet-de-valence\/#primaryimage\",\"url\":\"https:\/\/lockandenjoy.com\/wp-content\/uploads\/2024\/06\/698f32b2-8847-495e-8767-12b1b08b047e_16-9-discover-aspect-ratio_default_0.jpg\",\"contentUrl\":\"https:\/\/lockandenjoy.com\/wp-content\/uploads\/2024\/06\/698f32b2-8847-495e-8767-12b1b08b047e_16-9-discover-aspect-ratio_default_0.jpg\",\"width\":1200,\"height\":675,\"caption\":\"Profitez du spectacle color\u00e9 de la bataille de fleurs lors de la foire de juillet de Valence, o\u00f9 des chars comme celui-ci, orn\u00e9s de fleurs, d\u00e9filent dans les rues. Ce festival capture la joie et la tradition de Valence avec ses d\u00e9fil\u00e9s, sa musique et son atmosph\u00e8re festive. Une exp\u00e9rience unique \u00e0 ne pas manquer dans la ville pendant l'\u00e9t\u00e9.\"},{\"@type\":\"BreadcrumbList\",\"@id\":\"https:\/\/lockandenjoy.com\/fr\/la-foire-de-juillet-de-valence\/#breadcrumb\",\"itemListElement\":[{\"@type\":\"ListItem\",\"position\":1,\"name\":\"LOCK &amp; enjoy!\",\"item\":\"https:\/\/lockandenjoy.com\/fr\/\"},{\"@type\":\"ListItem\",\"position\":2,\"name\":\"Ciudad\",\"item\":\"https:\/\/lockandenjoy.com\/fr\/category\/ciudad\/\"},{\"@type\":\"ListItem\",\"position\":3,\"name\":\"Valencia\",\"item\":\"https:\/\/lockandenjoy.com\/fr\/category\/valencia-fr\/\"},{\"@type\":\"ListItem\",\"position\":4,\"name\":\"La foire de juillet \u00e0 Valence\"}]},{\"@type\":\"WebSite\",\"@id\":\"https:\/\/lockandenjoy.com\/fr\/#website\",\"url\":\"https:\/\/lockandenjoy.com\/fr\/\",\"name\":\"LOCK &amp; enjoy!\",\"description\":\"\",\"potentialAction\":[{\"@type\":\"SearchAction\",\"target\":{\"@type\":\"EntryPoint\",\"urlTemplate\":\"https:\/\/lockandenjoy.com\/fr\/?s={search_term_string}\"},\"query-input\":{\"@type\":\"PropertyValueSpecification\",\"valueRequired\":true,\"valueName\":\"search_term_string\"}}],\"inLanguage\":\"fr-FR\"},{\"@type\":\"Person\",\"@id\":\"https:\/\/lockandenjoy.com\/fr\/#\/schema\/person\/be7a199afa208768b3d88af900ddefbb\",\"name\":\"Roc\u00edo Santos\",\"image\":{\"@type\":\"ImageObject\",\"inLanguage\":\"fr-FR\",\"@id\":\"https:\/\/lockandenjoy.com\/fr\/#\/schema\/person\/image\/\",\"url\":\"https:\/\/lockandenjoy.com\/wp-content\/uploads\/2024\/04\/Rocio-100x100.jpg\",\"contentUrl\":\"https:\/\/lockandenjoy.com\/wp-content\/uploads\/2024\/04\/Rocio-100x100.jpg\",\"caption\":\"Roc\u00edo Santos\"},\"description\":\"Diplomada en Turismo por la Universidad de Sevilla, esta profesional tiene m\u00e1s de 15 a\u00f1os de experiencia en gesti\u00f3n de eventos tur\u00edsticos. Especialista en planificaci\u00f3n y organizaci\u00f3n, ha trabajado en entornos diversos, creando experiencias exitosas para clientes. Su combinaci\u00f3n de formaci\u00f3n y experiencia la convierte en una experta en su campo.\",\"sameAs\":[\"https:\/\/lockandenjoy.com\/\",\"https:\/\/www.linkedin.com\/in\/rociosantosmartagon\"],\"url\":\"https:\/\/lockandenjoy.com\/fr\/author\/rocio_lockandenjoy\/\"}]}<\/script>\n<!-- \/ Yoast SEO plugin. -->","yoast_head_json":{"title":"Profitez de la foire de juillet de Valence !","description":"R\u00e9servez une Cassier intelligente chez LOCK & enjoy ! et profitez de la Feria de Julio \u00e0 Valence avec ses nombreuses activit\u00e9s et \u00e9v\u00e9nements.","robots":{"index":"index","follow":"follow","max-snippet":"max-snippet:-1","max-image-preview":"max-image-preview:large","max-video-preview":"max-video-preview:-1"},"canonical":"https:\/\/lockandenjoy.com\/fr\/la-foire-de-juillet-de-valence\/","og_locale":"fr_FR","og_type":"article","og_title":"Profitez de la foire de juillet de Valence !","og_description":"R\u00e9servez une Cassier intelligente chez LOCK & enjoy ! et profitez de la Feria de Julio \u00e0 Valence avec ses nombreuses activit\u00e9s et \u00e9v\u00e9nements.","og_url":"https:\/\/lockandenjoy.com\/fr\/la-foire-de-juillet-de-valence\/","og_site_name":"LOCK &amp; enjoy!","article_published_time":"2024-07-08T07:41:07+00:00","article_modified_time":"2025-11-17T20:13:19+00:00","og_image":[{"width":1200,"height":675,"url":"https:\/\/lockandenjoy.com\/wp-content\/uploads\/2024\/06\/698f32b2-8847-495e-8767-12b1b08b047e_16-9-discover-aspect-ratio_default_0.jpg","type":"image\/jpeg"}],"author":"Roc\u00edo Santos","twitter_card":"summary_large_image","twitter_misc":{"\u00c9crit par":"Roc\u00edo Santos","Dur\u00e9e de lecture estim\u00e9e":"5 minute"},"schema":{"@context":"https:\/\/schema.org","@graph":[{"@type":"Article","@id":"https:\/\/lockandenjoy.com\/fr\/la-foire-de-juillet-de-valence\/#article","isPartOf":{"@id":"https:\/\/lockandenjoy.com\/fr\/la-foire-de-juillet-de-valence\/"},"author":{"name":"Roc\u00edo Santos","@id":"https:\/\/lockandenjoy.com\/fr\/#\/schema\/person\/be7a199afa208768b3d88af900ddefbb"},"headline":"La foire de juillet \u00e0 Valence","datePublished":"2024-07-08T07:41:07+00:00","dateModified":"2025-11-17T20:13:19+00:00","mainEntityOfPage":{"@id":"https:\/\/lockandenjoy.com\/fr\/la-foire-de-juillet-de-valence\/"},"wordCount":1079,"image":{"@id":"https:\/\/lockandenjoy.com\/fr\/la-foire-de-juillet-de-valence\/#primaryimage"},"thumbnailUrl":"https:\/\/lockandenjoy.com\/wp-content\/uploads\/2024\/06\/698f32b2-8847-495e-8767-12b1b08b047e_16-9-discover-aspect-ratio_default_0.jpg","keywords":["consignas en Valencia","La Feria de Julio de Valencia","Lock &amp; Enjoy","Taquillas"],"articleSection":["Actualit\u00e9s","Valencia"],"inLanguage":"fr-FR"},{"@type":"WebPage","@id":"https:\/\/lockandenjoy.com\/fr\/la-foire-de-juillet-de-valence\/","url":"https:\/\/lockandenjoy.com\/fr\/la-foire-de-juillet-de-valence\/","name":"Profitez de la foire de juillet de Valence !","isPartOf":{"@id":"https:\/\/lockandenjoy.com\/fr\/#website"},"primaryImageOfPage":{"@id":"https:\/\/lockandenjoy.com\/fr\/la-foire-de-juillet-de-valence\/#primaryimage"},"image":{"@id":"https:\/\/lockandenjoy.com\/fr\/la-foire-de-juillet-de-valence\/#primaryimage"},"thumbnailUrl":"https:\/\/lockandenjoy.com\/wp-content\/uploads\/2024\/06\/698f32b2-8847-495e-8767-12b1b08b047e_16-9-discover-aspect-ratio_default_0.jpg","datePublished":"2024-07-08T07:41:07+00:00","dateModified":"2025-11-17T20:13:19+00:00","author":{"@id":"https:\/\/lockandenjoy.com\/fr\/#\/schema\/person\/be7a199afa208768b3d88af900ddefbb"},"description":"R\u00e9servez une Cassier intelligente chez LOCK & enjoy ! et profitez de la Feria de Julio \u00e0 Valence avec ses nombreuses activit\u00e9s et \u00e9v\u00e9nements.","breadcrumb":{"@id":"https:\/\/lockandenjoy.com\/fr\/la-foire-de-juillet-de-valence\/#breadcrumb"},"inLanguage":"fr-FR","potentialAction":[{"@type":"ReadAction","target":["https:\/\/lockandenjoy.com\/fr\/la-foire-de-juillet-de-valence\/"]}]},{"@type":"ImageObject","inLanguage":"fr-FR","@id":"https:\/\/lockandenjoy.com\/fr\/la-foire-de-juillet-de-valence\/#primaryimage","url":"https:\/\/lockandenjoy.com\/wp-content\/uploads\/2024\/06\/698f32b2-8847-495e-8767-12b1b08b047e_16-9-discover-aspect-ratio_default_0.jpg","contentUrl":"https:\/\/lockandenjoy.com\/wp-content\/uploads\/2024\/06\/698f32b2-8847-495e-8767-12b1b08b047e_16-9-discover-aspect-ratio_default_0.jpg","width":1200,"height":675,"caption":"Profitez du spectacle color\u00e9 de la bataille de fleurs lors de la foire de juillet de Valence, o\u00f9 des chars comme celui-ci, orn\u00e9s de fleurs, d\u00e9filent dans les rues. Ce festival capture la joie et la tradition de Valence avec ses d\u00e9fil\u00e9s, sa musique et son atmosph\u00e8re festive. Une exp\u00e9rience unique \u00e0 ne pas manquer dans la ville pendant l'\u00e9t\u00e9."},{"@type":"BreadcrumbList","@id":"https:\/\/lockandenjoy.com\/fr\/la-foire-de-juillet-de-valence\/#breadcrumb","itemListElement":[{"@type":"ListItem","position":1,"name":"LOCK &amp; enjoy!","item":"https:\/\/lockandenjoy.com\/fr\/"},{"@type":"ListItem","position":2,"name":"Ciudad","item":"https:\/\/lockandenjoy.com\/fr\/category\/ciudad\/"},{"@type":"ListItem","position":3,"name":"Valencia","item":"https:\/\/lockandenjoy.com\/fr\/category\/valencia-fr\/"},{"@type":"ListItem","position":4,"name":"La foire de juillet \u00e0 Valence"}]},{"@type":"WebSite","@id":"https:\/\/lockandenjoy.com\/fr\/#website","url":"https:\/\/lockandenjoy.com\/fr\/","name":"LOCK &amp; enjoy!","description":"","potentialAction":[{"@type":"SearchAction","target":{"@type":"EntryPoint","urlTemplate":"https:\/\/lockandenjoy.com\/fr\/?s={search_term_string}"},"query-input":{"@type":"PropertyValueSpecification","valueRequired":true,"valueName":"search_term_string"}}],"inLanguage":"fr-FR"},{"@type":"Person","@id":"https:\/\/lockandenjoy.com\/fr\/#\/schema\/person\/be7a199afa208768b3d88af900ddefbb","name":"Roc\u00edo Santos","image":{"@type":"ImageObject","inLanguage":"fr-FR","@id":"https:\/\/lockandenjoy.com\/fr\/#\/schema\/person\/image\/","url":"https:\/\/lockandenjoy.com\/wp-content\/uploads\/2024\/04\/Rocio-100x100.jpg","contentUrl":"https:\/\/lockandenjoy.com\/wp-content\/uploads\/2024\/04\/Rocio-100x100.jpg","caption":"Roc\u00edo Santos"},"description":"Diplomada en Turismo por la Universidad de Sevilla, esta profesional tiene m\u00e1s de 15 a\u00f1os de experiencia en gesti\u00f3n de eventos tur\u00edsticos. Especialista en planificaci\u00f3n y organizaci\u00f3n, ha trabajado en entornos diversos, creando experiencias exitosas para clientes. Su combinaci\u00f3n de formaci\u00f3n y experiencia la convierte en una experta en su campo.","sameAs":["https:\/\/lockandenjoy.com\/","https:\/\/www.linkedin.com\/in\/rociosantosmartagon"],"url":"https:\/\/lockandenjoy.com\/fr\/author\/rocio_lockandenjoy\/"}]}},"_links":{"self":[{"href":"https:\/\/lockandenjoy.com\/fr\/wp-json\/wp\/v2\/posts\/100811","targetHints":{"allow":["GET"]}}],"collection":[{"href":"https:\/\/lockandenjoy.com\/fr\/wp-json\/wp\/v2\/posts"}],"about":[{"href":"https:\/\/lockandenjoy.com\/fr\/wp-json\/wp\/v2\/types\/post"}],"author":[{"embeddable":true,"href":"https:\/\/lockandenjoy.com\/fr\/wp-json\/wp\/v2\/users\/2"}],"replies":[{"embeddable":true,"href":"https:\/\/lockandenjoy.com\/fr\/wp-json\/wp\/v2\/comments?post=100811"}],"version-history":[{"count":0,"href":"https:\/\/lockandenjoy.com\/fr\/wp-json\/wp\/v2\/posts\/100811\/revisions"}],"wp:featuredmedia":[{"embeddable":true,"href":"https:\/\/lockandenjoy.com\/fr\/wp-json\/wp\/v2\/media\/91968"}],"wp:attachment":[{"href":"https:\/\/lockandenjoy.com\/fr\/wp-json\/wp\/v2\/media?parent=100811"}],"wp:term":[{"taxonomy":"category","embeddable":true,"href":"https:\/\/lockandenjoy.com\/fr\/wp-json\/wp\/v2\/categories?post=100811"},{"taxonomy":"post_tag","embeddable":true,"href":"https:\/\/lockandenjoy.com\/fr\/wp-json\/wp\/v2\/tags?post=100811"}],"curies":[{"name":"wp","href":"https:\/\/api.w.org\/{rel}","templated":true}]}}