{"id":100802,"date":"2024-06-17T17:30:17","date_gmt":"2024-06-17T17:30:17","guid":{"rendered":"https:\/\/lockandenjoy.com\/que-hacer-en-san-juan-en-palma-de-mallorca\/"},"modified":"2025-11-17T20:14:26","modified_gmt":"2025-11-17T20:14:26","slug":"que-faire-a-san-juan-a-palma-de-majorque","status":"publish","type":"post","link":"https:\/\/lockandenjoy.com\/fr\/que-faire-a-san-juan-a-palma-de-majorque\/","title":{"rendered":"Que faire \u00e0 San Juan \u00e0 Palma de Majorque ?"},"content":{"rendered":"<p>La nuit de San Juan approche \u00e0 grands pas. C&rsquo;est pourquoi <strong>LOCK &amp; enjoy !<\/strong> vous invite \u00e0 venir \u00e0 Palma de Majorque pour profiter d&rsquo;une nuit magique et diff\u00e9rente. <\/p>\n<p>Pendant ces vacances, il est important d&rsquo;\u00eatre \u00e0 l&rsquo;aise et d\u00e9tendu, comptez donc sur nous pour garder votre sac \u00e0 dos ou vos affaires dans l&rsquo;une de nos <a href=\"https:\/\/lockandenjoy.com\/fr\/mallorca-choisirlockers\/\"><strong>consignes<\/strong> automatis\u00e9es \u00e0 Majorque<\/a>.<\/p>\n<h2>Quelle est l&rsquo;origine de la f\u00eate de la Saint-Jean ?<\/h2>\n<p>La f\u00eate de San Juan n&rsquo;est pas seulement c\u00e9l\u00e9br\u00e9e \u00e0 Palma, elle est \u00e9galement tr\u00e8s populaire \u00e0 Barcelone et \u00e0 Alicante. <strong><u>Alicante<\/u><\/strong>o\u00f9 ils c\u00e9l\u00e8brent leurs principales f\u00eates. Cependant, l&rsquo;origine est commune \u00e0 toutes ces f\u00eates. <\/p>\n<p>Nous parlons de Saint Jean pour faire r\u00e9f\u00e9rence \u00e0 Jean l&rsquo;Ap\u00f4tre, l&rsquo;un des disciples les plus \u00e9minents de J\u00e9sus de Nazareth. C&rsquo;est la raison pour laquelle elle est c\u00e9l\u00e9br\u00e9e le 24 juin, jour o\u00f9 l&rsquo;on comm\u00e9more sa naissance. Il s&rsquo;agit donc d&rsquo;une f\u00eate chr\u00e9tienne, mais avec des origines pa\u00efennes, puisque cette religion a assum\u00e9 une partie de ce rite. Le paganisme avait pour coutume d&rsquo;allumer des feux de joie pour c\u00e9l\u00e9brer l&rsquo;arriv\u00e9e du solstice d&rsquo;\u00e9t\u00e9.   <\/p>\n<h2>Quelles sont les c\u00e9l\u00e9brations ?<\/h2>\n<p><strong>Les c\u00e9r\u00e9monies et les rites<\/strong> varient beaucoup d&rsquo;une r\u00e9gion \u00e0 l&rsquo;autre, mais nous avons pr\u00e9par\u00e9 un petit guide pour vous permettre de choisir celui qui vous convient le mieux. Bien que la f\u00eate officielle ait lieu le 24 juin, elle est toujours c\u00e9l\u00e9br\u00e9e le 23 au soir. Ce jour f\u00e9ri\u00e9 rev\u00eat une importance consid\u00e9rable, car dans certaines villes, il n&rsquo;y a pas de travail.  <\/p>\n<p>Tout d&rsquo;abord, le feu <strong>de joie<\/strong> est incontournable, car le feu est un symbole de protection et de purification. Cet \u00e9l\u00e9ment rev\u00eat un symbolisme plus important dans les r\u00e9gions c\u00f4ti\u00e8res. De petits feux sont pr\u00e9par\u00e9s et les gens sautent par-dessus. Par exemple, \u00e0 Alicante, il faut sauter 7 fois au total pour b\u00e9n\u00e9ficier d&rsquo;une ann\u00e9e de protection, un chiffre qui passe \u00e0 9 en Galice.   <\/p>\n<p>La grande majorit\u00e9 des gens inscrivent cette date sur le calendrier pour profiter de leur <strong>premier bain de l&rsquo;\u00e9t\u00e9<\/strong>. Des croyances ancestrales affirment que durant cette nuit, l&rsquo;eau acquiert des propri\u00e9t\u00e9s miraculeuses et curatives. Sur certaines plages de Palma, il existe \u00e9galement une tradition qui consiste \u00e0 sauter dans les vagues, mais sur le dos.  <\/p>\n<p>Ensuite, <strong>faire des v\u0153ux<\/strong> est un autre moment cl\u00e9 de la nuit. Par exemple, en les \u00e9crivant sur une feuille de papier ou en sautant par-dessus le feu de joie. <\/p>\n<p>Et enfin, la <strong>combustion d&rsquo;objets<\/strong> pour s&rsquo;en d\u00e9barrasser et qui ont une signification particuli\u00e8re.<\/p>\n<h2>C\u00e9l\u00e9brations \u00e0 Palma<\/h2>\n<h3>Plages<\/h3>\n<p>Vous pouvez d\u00e9guster la <em>Nit de Foc (<\/em> c&rsquo;est le nom qu&rsquo;on lui donne sur l&rsquo;\u00eele) sur n&rsquo;importe quelle plage ou crique. <a href=\"https:\/\/www.palma.es\/es\/playas-y-zonas-de-bano\"><strong>plages et criques<\/strong><\/a> de Majorque. Nous vous recommandons toutefois d&rsquo;arriver suffisamment \u00e0 l&rsquo;avance, car elles commencent \u00e0 se remplir en d\u00e9but d&rsquo;apr\u00e8s-midi. Si vous pr\u00e9f\u00e9rez les endroits plus calmes, sachez que la plupart des municipalit\u00e9s de l&rsquo;\u00eele c\u00e9l\u00e8brent \u00e9galement la nuit de la Saint-Jean.  <\/p>\n<p><strong>Pouvez-vous imaginer danser au bord de la mer pendant la nuit la plus magique de l&rsquo;ann\u00e9e ?<\/strong> Il s&rsquo;agit de quelques heures de plaisir maximum, c&rsquo;est pourquoi nous vous recommandons de nous confier vos biens les plus pr\u00e9cieux. <strong>R\u00e9servez notre<\/strong><a href=\"https:\/\/lockandenjoy.com\/fr\/mallorca-choisirlockers\/\"><strong> Consignes \u00e0 Palma<\/strong><\/a>Vous pouvez entrer et sortir de notre salle <strong>LOCK &amp; enjoy !<\/strong> quand vous le souhaitez.<\/p>\n<h3>Parc de la Mar<\/h3>\n<p>En revanche, chez <strong>LOCK &amp; enjoy !<\/strong> nous vous conseillons de prendre connaissance du programme officiel des activit\u00e9s organis\u00e9es par la municipalit\u00e9. Pour nous, c&rsquo;est un v\u00e9ritable spectacle qui vaut la peine d&rsquo;\u00eatre vu une fois dans sa vie. Nous vous en dirons un peu plus ci-dessous.  <\/p>\n<p>Pr\u00e8s de la cath\u00e9drale de Palma, dans le <strong>Parc de la Mar<\/strong>, en d\u00e9but d&rsquo;apr\u00e8s-midi, des ateliers et des activit\u00e9s sont organis\u00e9s pour les plus petits. Des d\u00e9monstrations de danses traditionnelles sont \u00e9galement organis\u00e9es. Une fois la nuit tomb\u00e9e, une verveine est organis\u00e9e, dans laquelle la danse et la musique sont \u00e9galement les principaux protagonistes. \u00c0 22 heures, une courte proclamation est lue pour donner le coup d&rsquo;envoi de la f\u00eate.   <\/p>\n<p>Le meilleur commence \u00e0 23 heures avec les <strong><em>correfocs<\/em><\/strong>. Il s&rsquo;agit d&rsquo;un spectacle populaire au cours duquel un groupe de volontaires se d\u00e9guisent en diables ou en d\u00e9mons. Ils sont tr\u00e8s amusants, car ils interagissent avec les gens tout en d\u00e9filant dans les rues de la ville en dansant et en sautant. Ne vous inqui\u00e9tez pas, ce n&rsquo;est pas dangereux. Deux b\u00eates de feu d\u00e9filent \u00e9galement : les dragons de Sant Jordi et le Drac de Na Coca, ce dernier \u00e9tant li\u00e9 aux traditions et aux l\u00e9gendes de la ville.    <\/p>\n<p>Enfin, la f\u00eate se termine par une grande batucada pour dire au revoir \u00e0 la nuit et encourager la f\u00eate \u00e0 se poursuivre sur les plages.<\/p>\n<p>Sur la principale plage de la ville, <a href=\"https:\/\/www.mallorca.es\/es\/playas\"><strong>La Palma<\/strong><\/a>les autorit\u00e9s organisent \u00e9galement des festivals et des concerts de musique en direct. \u00c0 partir de minuit, elles organisent \u00e9galement un feu d&rsquo;artifice spectaculaire. <\/p>\n<h3>Fondation Pilar et Joan Mir\u00f3<\/h3>\n<p>Cette <a href=\"https:\/\/miromallorca.com\/es\/\"><strong>fondation<\/strong><\/a> est une r\u00e9f\u00e9rence dans la ville. C&rsquo;est une institution culturelle tr\u00e8s importante au niveau national et international. Elle a \u00e9t\u00e9 cr\u00e9\u00e9e \u00e0 la demande du c\u00e9l\u00e8bre peintre Joan Mir\u00f3 et de son \u00e9pouse Pilar. Elle abrite une importante collection de 6 000 \u0153uvres (sculptures, dessins, documents, etc.).   <\/p>\n<p>\u00c0 l&rsquo;occasion de la journ\u00e9e du nom du peintre (24 juin), ce <strong>centre culturel<\/strong> ouvre chaque ann\u00e9e ses portes gratuitement \u00e0 tous ceux qui souhaitent conna\u00eetre l&rsquo;\u0153uvre du peintre. Il s&rsquo;adresse \u00e0 tous les publics, bien qu&rsquo;il existe un large \u00e9ventail d&rsquo;ateliers et d&rsquo;activit\u00e9s pour les <strong>enfants<\/strong>: <\/p>\n<ul>\n<li>Cr\u00e9ation d&rsquo;autoportraits.<\/li>\n<li>Concours de photographie.<\/li>\n<li>Production de dessins \u00e0 main lev\u00e9e.<\/li>\n<\/ul>\n<p>Nous vous recommandons de consulter r\u00e9guli\u00e8rement le site web, car le programme officiel de cette ann\u00e9e sera bient\u00f4t publi\u00e9. N&rsquo;h\u00e9sitez pas \u00e0 venir avec vos enfants pour profiter de cette journ\u00e9e d&rsquo;une mani\u00e8re diff\u00e9rente. <\/p>\n<p><strong>D\u00e9couvrez Palma de Majorque lors de l&rsquo;une des nuits les plus sp\u00e9ciales de l&rsquo;ann\u00e9e !<\/strong> Il est important que vous r\u00e9serviez votre <em>casier<\/em> chez nous, <strong>LOCK &amp; enjoy !<\/strong> \u00e0 l&rsquo;avance, car l&rsquo;arriv\u00e9e des touristes ne fait que commencer. Venez \u00e0 Palma et apprenez \u00e0 nous conna\u00eetre ! <\/p>\n","protected":false},"excerpt":{"rendered":"<p>La nuit de San Juan approche \u00e0 grands pas. C&rsquo;est pourquoi LOCK &amp; enjoy ! vous invite \u00e0 venir \u00e0 Palma de Majorque pour profiter d&rsquo;une nuit magique et diff\u00e9rente. Pendant ces vacances, il est important d&rsquo;\u00eatre \u00e0 l&rsquo;aise et d\u00e9tendu, comptez donc sur nous pour garder votre sac \u00e0 dos ou vos affaires dans [&hellip;]<\/p>\n","protected":false},"author":2,"featured_media":91894,"comment_status":"closed","ping_status":"closed","sticky":false,"template":"","format":"standard","meta":{"inline_featured_image":false,"footnotes":""},"categories":[2742,2728],"tags":[965,967,969,289,950],"class_list":["post-100802","post","type-post","status-publish","format-standard","has-post-thumbnail","hentry","category-actualites","category-mallorca-fr","tag-centro-palma-de-mallorca","tag-conoce-palma-de-mallorca","tag-consignas-palma-de-mallorca","tag-lock-enjoy","tag-taquilla"],"yoast_head":"<!-- This site is optimized with the Yoast SEO plugin v26.7 - https:\/\/yoast.com\/wordpress\/plugins\/seo\/ -->\n<title>Que faire \u00e0 San Juan \u00e0 Palma de Majorque ?<\/title>\n<meta name=\"description\" content=\"Quelles sont les activit\u00e9s \u00e0 faire \u00e0 San Juan \u00e0 Palma de Majorque ? Chez LOCK &amp; enjoy !, nous disposons d&#039;un vestiaire intelligent ouvert 24 heures sur 24.\" \/>\n<meta name=\"robots\" content=\"index, follow, max-snippet:-1, max-image-preview:large, max-video-preview:-1\" \/>\n<link rel=\"canonical\" href=\"https:\/\/lockandenjoy.com\/fr\/que-faire-a-san-juan-a-palma-de-majorque\/\" \/>\n<meta property=\"og:locale\" content=\"fr_FR\" \/>\n<meta property=\"og:type\" content=\"article\" \/>\n<meta property=\"og:title\" content=\"Que faire \u00e0 San Juan \u00e0 Palma de Majorque ?\" \/>\n<meta property=\"og:description\" content=\"Quelles sont les activit\u00e9s \u00e0 faire \u00e0 San Juan \u00e0 Palma de Majorque ? Chez LOCK &amp; enjoy !, nous disposons d&#039;un vestiaire intelligent ouvert 24 heures sur 24.\" \/>\n<meta property=\"og:url\" content=\"https:\/\/lockandenjoy.com\/fr\/que-faire-a-san-juan-a-palma-de-majorque\/\" \/>\n<meta property=\"og:site_name\" content=\"LOCK &amp; enjoy!\" \/>\n<meta property=\"article:published_time\" content=\"2024-06-17T17:30:17+00:00\" \/>\n<meta property=\"article:modified_time\" content=\"2025-11-17T20:14:26+00:00\" \/>\n<meta property=\"og:image\" content=\"https:\/\/lockandenjoy.com\/wp-content\/uploads\/2024\/06\/sant-joan-celebrations-palma-mallorca-img03.jpg\" \/>\n\t<meta property=\"og:image:width\" content=\"955\" \/>\n\t<meta property=\"og:image:height\" content=\"505\" \/>\n\t<meta property=\"og:image:type\" content=\"image\/jpeg\" \/>\n<meta name=\"author\" content=\"Roc\u00edo Santos\" \/>\n<meta name=\"twitter:card\" content=\"summary_large_image\" \/>\n<meta name=\"twitter:label1\" content=\"\u00c9crit par\" \/>\n\t<meta name=\"twitter:data1\" content=\"Roc\u00edo Santos\" \/>\n\t<meta name=\"twitter:label2\" content=\"Dur\u00e9e de lecture estim\u00e9e\" \/>\n\t<meta name=\"twitter:data2\" content=\"5 minute\" \/>\n<script type=\"application\/ld+json\" class=\"yoast-schema-graph\">{\"@context\":\"https:\/\/schema.org\",\"@graph\":[{\"@type\":\"Article\",\"@id\":\"https:\/\/lockandenjoy.com\/fr\/que-faire-a-san-juan-a-palma-de-majorque\/#article\",\"isPartOf\":{\"@id\":\"https:\/\/lockandenjoy.com\/fr\/que-faire-a-san-juan-a-palma-de-majorque\/\"},\"author\":{\"name\":\"Roc\u00edo Santos\",\"@id\":\"https:\/\/lockandenjoy.com\/fr\/#\/schema\/person\/be7a199afa208768b3d88af900ddefbb\"},\"headline\":\"Que faire \u00e0 San Juan \u00e0 Palma de Majorque ?\",\"datePublished\":\"2024-06-17T17:30:17+00:00\",\"dateModified\":\"2025-11-17T20:14:26+00:00\",\"mainEntityOfPage\":{\"@id\":\"https:\/\/lockandenjoy.com\/fr\/que-faire-a-san-juan-a-palma-de-majorque\/\"},\"wordCount\":1141,\"image\":{\"@id\":\"https:\/\/lockandenjoy.com\/fr\/que-faire-a-san-juan-a-palma-de-majorque\/#primaryimage\"},\"thumbnailUrl\":\"https:\/\/lockandenjoy.com\/wp-content\/uploads\/2024\/06\/sant-joan-celebrations-palma-mallorca-img03.jpg\",\"keywords\":[\"centro palma de Mallorca\",\"conoce palma de mallorca\",\"consignas palma de mallorca\",\"Lock &amp; Enjoy\",\"taquilla\"],\"articleSection\":[\"Actualit\u00e9s\",\"Mallorca\"],\"inLanguage\":\"fr-FR\"},{\"@type\":\"WebPage\",\"@id\":\"https:\/\/lockandenjoy.com\/fr\/que-faire-a-san-juan-a-palma-de-majorque\/\",\"url\":\"https:\/\/lockandenjoy.com\/fr\/que-faire-a-san-juan-a-palma-de-majorque\/\",\"name\":\"Que faire \u00e0 San Juan \u00e0 Palma de Majorque ?\",\"isPartOf\":{\"@id\":\"https:\/\/lockandenjoy.com\/fr\/#website\"},\"primaryImageOfPage\":{\"@id\":\"https:\/\/lockandenjoy.com\/fr\/que-faire-a-san-juan-a-palma-de-majorque\/#primaryimage\"},\"image\":{\"@id\":\"https:\/\/lockandenjoy.com\/fr\/que-faire-a-san-juan-a-palma-de-majorque\/#primaryimage\"},\"thumbnailUrl\":\"https:\/\/lockandenjoy.com\/wp-content\/uploads\/2024\/06\/sant-joan-celebrations-palma-mallorca-img03.jpg\",\"datePublished\":\"2024-06-17T17:30:17+00:00\",\"dateModified\":\"2025-11-17T20:14:26+00:00\",\"author\":{\"@id\":\"https:\/\/lockandenjoy.com\/fr\/#\/schema\/person\/be7a199afa208768b3d88af900ddefbb\"},\"description\":\"Quelles sont les activit\u00e9s \u00e0 faire \u00e0 San Juan \u00e0 Palma de Majorque ? Chez LOCK & enjoy !, nous disposons d'un vestiaire intelligent ouvert 24 heures sur 24.\",\"breadcrumb\":{\"@id\":\"https:\/\/lockandenjoy.com\/fr\/que-faire-a-san-juan-a-palma-de-majorque\/#breadcrumb\"},\"inLanguage\":\"fr-FR\",\"potentialAction\":[{\"@type\":\"ReadAction\",\"target\":[\"https:\/\/lockandenjoy.com\/fr\/que-faire-a-san-juan-a-palma-de-majorque\/\"]}]},{\"@type\":\"ImageObject\",\"inLanguage\":\"fr-FR\",\"@id\":\"https:\/\/lockandenjoy.com\/fr\/que-faire-a-san-juan-a-palma-de-majorque\/#primaryimage\",\"url\":\"https:\/\/lockandenjoy.com\/wp-content\/uploads\/2024\/06\/sant-joan-celebrations-palma-mallorca-img03.jpg\",\"contentUrl\":\"https:\/\/lockandenjoy.com\/wp-content\/uploads\/2024\/06\/sant-joan-celebrations-palma-mallorca-img03.jpg\",\"width\":955,\"height\":505,\"caption\":\"Lors de la f\u00eate de San Juan, Palma de Majorque s'anime avec des spectacles impressionnants, comme celui d'un dragon lanceur de feu. Cette ancienne tradition, pleine de symbolisme et de magie, attire les habitants et les visiteurs, qui se rassemblent pour profiter du spectacle et accueillir le solstice d'\u00e9t\u00e9 dans la joie et l'\u00e9merveillement. Une exp\u00e9rience inoubliable qui met en lumi\u00e8re la richesse de la culture et du folklore de l'\u00eele des Bal\u00e9ares.\"},{\"@type\":\"BreadcrumbList\",\"@id\":\"https:\/\/lockandenjoy.com\/fr\/que-faire-a-san-juan-a-palma-de-majorque\/#breadcrumb\",\"itemListElement\":[{\"@type\":\"ListItem\",\"position\":1,\"name\":\"LOCK &amp; enjoy!\",\"item\":\"https:\/\/lockandenjoy.com\/fr\/\"},{\"@type\":\"ListItem\",\"position\":2,\"name\":\"Ciudad\",\"item\":\"https:\/\/lockandenjoy.com\/fr\/category\/ciudad\/\"},{\"@type\":\"ListItem\",\"position\":3,\"name\":\"Mallorca\",\"item\":\"https:\/\/lockandenjoy.com\/fr\/category\/mallorca-fr\/\"},{\"@type\":\"ListItem\",\"position\":4,\"name\":\"Que faire \u00e0 San Juan \u00e0 Palma de Majorque ?\"}]},{\"@type\":\"WebSite\",\"@id\":\"https:\/\/lockandenjoy.com\/fr\/#website\",\"url\":\"https:\/\/lockandenjoy.com\/fr\/\",\"name\":\"LOCK &amp; enjoy!\",\"description\":\"\",\"potentialAction\":[{\"@type\":\"SearchAction\",\"target\":{\"@type\":\"EntryPoint\",\"urlTemplate\":\"https:\/\/lockandenjoy.com\/fr\/?s={search_term_string}\"},\"query-input\":{\"@type\":\"PropertyValueSpecification\",\"valueRequired\":true,\"valueName\":\"search_term_string\"}}],\"inLanguage\":\"fr-FR\"},{\"@type\":\"Person\",\"@id\":\"https:\/\/lockandenjoy.com\/fr\/#\/schema\/person\/be7a199afa208768b3d88af900ddefbb\",\"name\":\"Roc\u00edo Santos\",\"image\":{\"@type\":\"ImageObject\",\"inLanguage\":\"fr-FR\",\"@id\":\"https:\/\/lockandenjoy.com\/fr\/#\/schema\/person\/image\/\",\"url\":\"https:\/\/lockandenjoy.com\/wp-content\/uploads\/2024\/04\/Rocio-100x100.jpg\",\"contentUrl\":\"https:\/\/lockandenjoy.com\/wp-content\/uploads\/2024\/04\/Rocio-100x100.jpg\",\"caption\":\"Roc\u00edo Santos\"},\"description\":\"Diplomada en Turismo por la Universidad de Sevilla, esta profesional tiene m\u00e1s de 15 a\u00f1os de experiencia en gesti\u00f3n de eventos tur\u00edsticos. Especialista en planificaci\u00f3n y organizaci\u00f3n, ha trabajado en entornos diversos, creando experiencias exitosas para clientes. Su combinaci\u00f3n de formaci\u00f3n y experiencia la convierte en una experta en su campo.\",\"sameAs\":[\"https:\/\/lockandenjoy.com\/\",\"https:\/\/www.linkedin.com\/in\/rociosantosmartagon\"],\"url\":\"https:\/\/lockandenjoy.com\/fr\/author\/rocio_lockandenjoy\/\"}]}<\/script>\n<!-- \/ Yoast SEO plugin. -->","yoast_head_json":{"title":"Que faire \u00e0 San Juan \u00e0 Palma de Majorque ?","description":"Quelles sont les activit\u00e9s \u00e0 faire \u00e0 San Juan \u00e0 Palma de Majorque ? Chez LOCK & enjoy !, nous disposons d'un vestiaire intelligent ouvert 24 heures sur 24.","robots":{"index":"index","follow":"follow","max-snippet":"max-snippet:-1","max-image-preview":"max-image-preview:large","max-video-preview":"max-video-preview:-1"},"canonical":"https:\/\/lockandenjoy.com\/fr\/que-faire-a-san-juan-a-palma-de-majorque\/","og_locale":"fr_FR","og_type":"article","og_title":"Que faire \u00e0 San Juan \u00e0 Palma de Majorque ?","og_description":"Quelles sont les activit\u00e9s \u00e0 faire \u00e0 San Juan \u00e0 Palma de Majorque ? Chez LOCK & enjoy !, nous disposons d'un vestiaire intelligent ouvert 24 heures sur 24.","og_url":"https:\/\/lockandenjoy.com\/fr\/que-faire-a-san-juan-a-palma-de-majorque\/","og_site_name":"LOCK &amp; enjoy!","article_published_time":"2024-06-17T17:30:17+00:00","article_modified_time":"2025-11-17T20:14:26+00:00","og_image":[{"width":955,"height":505,"url":"https:\/\/lockandenjoy.com\/wp-content\/uploads\/2024\/06\/sant-joan-celebrations-palma-mallorca-img03.jpg","type":"image\/jpeg"}],"author":"Roc\u00edo Santos","twitter_card":"summary_large_image","twitter_misc":{"\u00c9crit par":"Roc\u00edo Santos","Dur\u00e9e de lecture estim\u00e9e":"5 minute"},"schema":{"@context":"https:\/\/schema.org","@graph":[{"@type":"Article","@id":"https:\/\/lockandenjoy.com\/fr\/que-faire-a-san-juan-a-palma-de-majorque\/#article","isPartOf":{"@id":"https:\/\/lockandenjoy.com\/fr\/que-faire-a-san-juan-a-palma-de-majorque\/"},"author":{"name":"Roc\u00edo Santos","@id":"https:\/\/lockandenjoy.com\/fr\/#\/schema\/person\/be7a199afa208768b3d88af900ddefbb"},"headline":"Que faire \u00e0 San Juan \u00e0 Palma de Majorque ?","datePublished":"2024-06-17T17:30:17+00:00","dateModified":"2025-11-17T20:14:26+00:00","mainEntityOfPage":{"@id":"https:\/\/lockandenjoy.com\/fr\/que-faire-a-san-juan-a-palma-de-majorque\/"},"wordCount":1141,"image":{"@id":"https:\/\/lockandenjoy.com\/fr\/que-faire-a-san-juan-a-palma-de-majorque\/#primaryimage"},"thumbnailUrl":"https:\/\/lockandenjoy.com\/wp-content\/uploads\/2024\/06\/sant-joan-celebrations-palma-mallorca-img03.jpg","keywords":["centro palma de Mallorca","conoce palma de mallorca","consignas palma de mallorca","Lock &amp; Enjoy","taquilla"],"articleSection":["Actualit\u00e9s","Mallorca"],"inLanguage":"fr-FR"},{"@type":"WebPage","@id":"https:\/\/lockandenjoy.com\/fr\/que-faire-a-san-juan-a-palma-de-majorque\/","url":"https:\/\/lockandenjoy.com\/fr\/que-faire-a-san-juan-a-palma-de-majorque\/","name":"Que faire \u00e0 San Juan \u00e0 Palma de Majorque ?","isPartOf":{"@id":"https:\/\/lockandenjoy.com\/fr\/#website"},"primaryImageOfPage":{"@id":"https:\/\/lockandenjoy.com\/fr\/que-faire-a-san-juan-a-palma-de-majorque\/#primaryimage"},"image":{"@id":"https:\/\/lockandenjoy.com\/fr\/que-faire-a-san-juan-a-palma-de-majorque\/#primaryimage"},"thumbnailUrl":"https:\/\/lockandenjoy.com\/wp-content\/uploads\/2024\/06\/sant-joan-celebrations-palma-mallorca-img03.jpg","datePublished":"2024-06-17T17:30:17+00:00","dateModified":"2025-11-17T20:14:26+00:00","author":{"@id":"https:\/\/lockandenjoy.com\/fr\/#\/schema\/person\/be7a199afa208768b3d88af900ddefbb"},"description":"Quelles sont les activit\u00e9s \u00e0 faire \u00e0 San Juan \u00e0 Palma de Majorque ? Chez LOCK & enjoy !, nous disposons d'un vestiaire intelligent ouvert 24 heures sur 24.","breadcrumb":{"@id":"https:\/\/lockandenjoy.com\/fr\/que-faire-a-san-juan-a-palma-de-majorque\/#breadcrumb"},"inLanguage":"fr-FR","potentialAction":[{"@type":"ReadAction","target":["https:\/\/lockandenjoy.com\/fr\/que-faire-a-san-juan-a-palma-de-majorque\/"]}]},{"@type":"ImageObject","inLanguage":"fr-FR","@id":"https:\/\/lockandenjoy.com\/fr\/que-faire-a-san-juan-a-palma-de-majorque\/#primaryimage","url":"https:\/\/lockandenjoy.com\/wp-content\/uploads\/2024\/06\/sant-joan-celebrations-palma-mallorca-img03.jpg","contentUrl":"https:\/\/lockandenjoy.com\/wp-content\/uploads\/2024\/06\/sant-joan-celebrations-palma-mallorca-img03.jpg","width":955,"height":505,"caption":"Lors de la f\u00eate de San Juan, Palma de Majorque s'anime avec des spectacles impressionnants, comme celui d'un dragon lanceur de feu. Cette ancienne tradition, pleine de symbolisme et de magie, attire les habitants et les visiteurs, qui se rassemblent pour profiter du spectacle et accueillir le solstice d'\u00e9t\u00e9 dans la joie et l'\u00e9merveillement. Une exp\u00e9rience inoubliable qui met en lumi\u00e8re la richesse de la culture et du folklore de l'\u00eele des Bal\u00e9ares."},{"@type":"BreadcrumbList","@id":"https:\/\/lockandenjoy.com\/fr\/que-faire-a-san-juan-a-palma-de-majorque\/#breadcrumb","itemListElement":[{"@type":"ListItem","position":1,"name":"LOCK &amp; enjoy!","item":"https:\/\/lockandenjoy.com\/fr\/"},{"@type":"ListItem","position":2,"name":"Ciudad","item":"https:\/\/lockandenjoy.com\/fr\/category\/ciudad\/"},{"@type":"ListItem","position":3,"name":"Mallorca","item":"https:\/\/lockandenjoy.com\/fr\/category\/mallorca-fr\/"},{"@type":"ListItem","position":4,"name":"Que faire \u00e0 San Juan \u00e0 Palma de Majorque ?"}]},{"@type":"WebSite","@id":"https:\/\/lockandenjoy.com\/fr\/#website","url":"https:\/\/lockandenjoy.com\/fr\/","name":"LOCK &amp; enjoy!","description":"","potentialAction":[{"@type":"SearchAction","target":{"@type":"EntryPoint","urlTemplate":"https:\/\/lockandenjoy.com\/fr\/?s={search_term_string}"},"query-input":{"@type":"PropertyValueSpecification","valueRequired":true,"valueName":"search_term_string"}}],"inLanguage":"fr-FR"},{"@type":"Person","@id":"https:\/\/lockandenjoy.com\/fr\/#\/schema\/person\/be7a199afa208768b3d88af900ddefbb","name":"Roc\u00edo Santos","image":{"@type":"ImageObject","inLanguage":"fr-FR","@id":"https:\/\/lockandenjoy.com\/fr\/#\/schema\/person\/image\/","url":"https:\/\/lockandenjoy.com\/wp-content\/uploads\/2024\/04\/Rocio-100x100.jpg","contentUrl":"https:\/\/lockandenjoy.com\/wp-content\/uploads\/2024\/04\/Rocio-100x100.jpg","caption":"Roc\u00edo Santos"},"description":"Diplomada en Turismo por la Universidad de Sevilla, esta profesional tiene m\u00e1s de 15 a\u00f1os de experiencia en gesti\u00f3n de eventos tur\u00edsticos. Especialista en planificaci\u00f3n y organizaci\u00f3n, ha trabajado en entornos diversos, creando experiencias exitosas para clientes. Su combinaci\u00f3n de formaci\u00f3n y experiencia la convierte en una experta en su campo.","sameAs":["https:\/\/lockandenjoy.com\/","https:\/\/www.linkedin.com\/in\/rociosantosmartagon"],"url":"https:\/\/lockandenjoy.com\/fr\/author\/rocio_lockandenjoy\/"}]}},"_links":{"self":[{"href":"https:\/\/lockandenjoy.com\/fr\/wp-json\/wp\/v2\/posts\/100802","targetHints":{"allow":["GET"]}}],"collection":[{"href":"https:\/\/lockandenjoy.com\/fr\/wp-json\/wp\/v2\/posts"}],"about":[{"href":"https:\/\/lockandenjoy.com\/fr\/wp-json\/wp\/v2\/types\/post"}],"author":[{"embeddable":true,"href":"https:\/\/lockandenjoy.com\/fr\/wp-json\/wp\/v2\/users\/2"}],"replies":[{"embeddable":true,"href":"https:\/\/lockandenjoy.com\/fr\/wp-json\/wp\/v2\/comments?post=100802"}],"version-history":[{"count":0,"href":"https:\/\/lockandenjoy.com\/fr\/wp-json\/wp\/v2\/posts\/100802\/revisions"}],"wp:featuredmedia":[{"embeddable":true,"href":"https:\/\/lockandenjoy.com\/fr\/wp-json\/wp\/v2\/media\/91894"}],"wp:attachment":[{"href":"https:\/\/lockandenjoy.com\/fr\/wp-json\/wp\/v2\/media?parent=100802"}],"wp:term":[{"taxonomy":"category","embeddable":true,"href":"https:\/\/lockandenjoy.com\/fr\/wp-json\/wp\/v2\/categories?post=100802"},{"taxonomy":"post_tag","embeddable":true,"href":"https:\/\/lockandenjoy.com\/fr\/wp-json\/wp\/v2\/tags?post=100802"}],"curies":[{"name":"wp","href":"https:\/\/api.w.org\/{rel}","templated":true}]}}